{"id":494987,"date":"2017-08-20T13:51:16","date_gmt":"2017-08-20T18:51:16","guid":{"rendered":"https:\/\/www.futboltotal.com.mx\/?p=494987"},"modified":"2017-08-20T13:51:16","modified_gmt":"2017-08-20T18:51:16","slug":"jugador-tigres-confiesa-no-quiere-retirarse-en-club","status":"publish","type":"post","link":"http:\/\/desarrollo.grupomedios.com\/futbol\/futbol-mexicano\/jugador-tigres-confiesa-no-quiere-retirarse-en-club\/2017\/08","title":{"rendered":"Jugador de Tigres confiesa que no quiere retirarse en el club"},"content":{"rendered":"<p>Pese a ser un referente de los<strong><a href=\"https:\/\/www.futboltotal.com.mx\/2017\/08\/resultado-cronica-tigres-2-0-pumas-apertura-2017\/\" target=\"_blank\" rel=\"noopener noreferrer\"> Tigres de la UANL<\/a> <a href=\"https:\/\/www.futboltotal.com.mx\/2017\/08\/no-hay-alerta-en-tigres-por-mal-inicio-nahuel\/\" target=\"_blank\" rel=\"noopener noreferrer\"><span style=\"color: #333399;\">Nahuel Guzm\u00e1n<\/span><\/a><\/strong>, declar\u00f3 que no quiere retirarse en el conjunto de <strong>San Nicol\u00e1s de los Garza<\/strong>, sino con el club de sus amores, <a href=\"https:\/\/www.futboltotal.com.mx\/2016\/11\/jugador-juvenil-newells-demuestra-pasion-liderazgo\/\" target=\"_blank\" rel=\"noopener noreferrer\"><span style=\"color: #333399;\"><strong>Newell\u00b4s Old Boys<\/strong><\/span><\/a>.<\/p>\n<p style=\"text-align: center;\"><a href=\"https:\/\/www.futboltotal.com.mx\/2017\/08\/borussia-dortmund-culpo-al-barcelona-rebeldia-dembele\/\" target=\"_blank\" rel=\"noopener noreferrer\"><span style=\"color: #333399;\">VER M\u00c1S:\u00a0Borussia Dortmund culp\u00f3 al Barcelona por rebeld\u00eda de Demb\u00e9l\u00e9<\/span><\/a><\/p>\n<p>En entrevista para Telenoche Rosario, el cancerbero argentino confes\u00f3: &#8220;Me gustar\u00eda terminar mi carrera en Newell\u00b4s, es un deseo&#8221;.<\/p>\n<p style=\"text-align: center;\"><span style=\"color: #333399;\">VER M\u00c1S:\u00a0Afici\u00f3n de Rayados se vio envuelta en actos band\u00e1licos<\/span><\/p>\n<p>El &#8216;Pat\u00f3n&#8217; inici\u00f3 su carrera como profesional con el<em> Rojinegro<\/em>, posteriormente jug\u00f3 en<strong> Independiente Rivadavia<\/strong>, volvi\u00f3 a Newell\u00b4s y de ah\u00ed dio el salto a la <strong>Liga MX.<\/strong><\/p>\n","protected":false},"excerpt":{"rendered":"<p>Declar\u00f3 que su deseo es retirarse con el club de sus amores<\/p>\n","protected":false},"author":20,"featured_media":494989,"comment_status":"closed","ping_status":"closed","sticky":false,"template":"","format":"standard","meta":[],"categories":[3839,2198,3845],"tags":[6129,1468,5973],"_links":{"self":[{"href":"http:\/\/desarrollo.grupomedios.com\/futbol\/wp-json\/wp\/v2\/posts\/494987"}],"collection":[{"href":"http:\/\/desarrollo.grupomedios.com\/futbol\/wp-json\/wp\/v2\/posts"}],"about":[{"href":"http:\/\/desarrollo.grupomedios.com\/futbol\/wp-json\/wp\/v2\/types\/post"}],"author":[{"embeddable":true,"href":"http:\/\/desarrollo.grupomedios.com\/futbol\/wp-json\/wp\/v2\/users\/20"}],"replies":[{"embeddable":true,"href":"http:\/\/desarrollo.grupomedios.com\/futbol\/wp-json\/wp\/v2\/comments?post=494987"}],"version-history":[{"count":1,"href":"http:\/\/desarrollo.grupomedios.com\/futbol\/wp-json\/wp\/v2\/posts\/494987\/revisions"}],"predecessor-version":[{"id":494990,"href":"http:\/\/desarrollo.grupomedios.com\/futbol\/wp-json\/wp\/v2\/posts\/494987\/revisions\/494990"}],"wp:featuredmedia":[{"embeddable":true,"href":"http:\/\/desarrollo.grupomedios.com\/futbol\/wp-json\/wp\/v2\/media\/494989"}],"wp:attachment":[{"href":"http:\/\/desarrollo.grupomedios.com\/futbol\/wp-json\/wp\/v2\/media?parent=494987"}],"wp:term":[{"taxonomy":"category","embeddable":true,"href":"http:\/\/desarrollo.grupomedios.com\/futbol\/wp-json\/wp\/v2\/categories?post=494987"},{"taxonomy":"post_tag","embeddable":true,"href":"http:\/\/desarrollo.grupomedios.com\/futbol\/wp-json\/wp\/v2\/tags?post=494987"}],"curies":[{"name":"wp","href":"https:\/\/api.w.org\/{rel}","templated":true}]}}