{"id":495005,"date":"2017-08-20T14:47:28","date_gmt":"2017-08-20T19:47:28","guid":{"rendered":"https:\/\/www.futboltotal.com.mx\/?p=495005"},"modified":"2017-08-20T14:47:28","modified_gmt":"2017-08-20T19:47:28","slug":"tecatito-layun-participaron-en-goleada-del-porto","status":"publish","type":"post","link":"http:\/\/desarrollo.grupomedios.com\/futbol\/futbol-internacional\/tecatito-layun-participaron-en-goleada-del-porto\/2017\/08","title":{"rendered":"Tecatito y Lay\u00fan participaron en goleada del Porto"},"content":{"rendered":"<p><strong>Tecatito Corona<\/strong> y <strong>Miguel Lay\u00fan<\/strong> fueron los \u00fanicos mexicanos que participaron en la goleada del <strong>Porto<\/strong> por 3-0 ante el Moreirense y qued\u00f3 ubicado en segundo lugar por detr\u00e1s del Benfica, aunque con la misma cantidad de puntos.<\/p>\n<p>El partido qued\u00f3 casi sentenciado tras los primeros veinte minutos, ya que el delantero camerun\u00e9s del <strong>Porto<\/strong>, Aboubakar, certific\u00f3 su buen momento con dos tantos en los minutos 18 y 21.<\/p>\n<p>Su particular <em>hat-trick<\/em> lo certific\u00f3 en el minuto 77, para subir el definitivo 3-0 a favor de los dragones.<\/p>\n<p style=\"text-align: center;\"><span style=\"color: #3366ff;\"><a style=\"color: #3366ff;\" href=\"https:\/\/www.futboltotal.com.mx\/2017\/08\/chucky-lozano-anota-asiste-en-triunfo-del-psv-revivelo\/\">VER M\u00c1S: Chucky Lozano anota y asiste en triunfo del PSV \u00a1Rev\u00edvelo!<\/a><\/span><\/p>\n<blockquote class=\"twitter-tweet\" data-width=\"500\">\n<p lang=\"en\" dir=\"ltr\">Aboubakar 3 <a href=\"https:\/\/t.co\/IcHCcg6YyT\">pic.twitter.com\/IcHCcg6YyT<\/a><\/p>\n<p>&mdash; Scout Sanat\u0131 (@scoutsanati) <a href=\"https:\/\/twitter.com\/scoutsanati\/status\/899345739435921408\">August 20, 2017<\/a><\/p><\/blockquote>\n<p><script async src=\"\/\/platform.twitter.com\/widgets.js\" charset=\"utf-8\"><\/script><\/p>\n<p>Por su parte, el \u00fanico de los jugadores aztecas que mantiene la titularidad en el <strong>Porto<\/strong> es <strong>Tecatito Corona<\/strong>, quien jug\u00f3 79 minutos. <strong>Diego Reyes, Miguel Lay\u00fan y H\u00e9ctor Herrera<\/strong>, iniciaron el partido en la banca, siendo el lateral por izquierda el \u00fanico que tuvo ingreso a minutos del final.<\/p>\n<blockquote class=\"twitter-tweet\" data-width=\"500\">\n<p lang=\"pt\" dir=\"ltr\">83&#39; Substitui\u00e7\u00e3o no FC Porto <\/p>\n<p>Entra: Lay\u00fan<br \/>Sai: Aboubakar<a href=\"https:\/\/twitter.com\/hashtag\/FCPorto?src=hash\">#FCPorto<\/a> <a href=\"https:\/\/twitter.com\/hashtag\/FCPMFC?src=hash\">#FCPMFC<\/a><\/p>\n<p>&mdash; FC Porto (@FCPorto) <a href=\"https:\/\/twitter.com\/FCPorto\/status\/899342051346722816\">August 20, 2017<\/a><\/p><\/blockquote>\n<p><script async src=\"\/\/platform.twitter.com\/widgets.js\" charset=\"utf-8\"><\/script><\/p>\n","protected":false},"excerpt":{"rendered":"<p>Aboubakar marc\u00f3 un Hat Trick para dar el triunfo a los Dragones.<\/p>\n","protected":false},"author":129,"featured_media":474645,"comment_status":"closed","ping_status":"closed","sticky":false,"template":"","format":"standard","meta":[],"categories":[3839,7709],"tags":[6006,5995,1035,1208,6045],"_links":{"self":[{"href":"http:\/\/desarrollo.grupomedios.com\/futbol\/wp-json\/wp\/v2\/posts\/495005"}],"collection":[{"href":"http:\/\/desarrollo.grupomedios.com\/futbol\/wp-json\/wp\/v2\/posts"}],"about":[{"href":"http:\/\/desarrollo.grupomedios.com\/futbol\/wp-json\/wp\/v2\/types\/post"}],"author":[{"embeddable":true,"href":"http:\/\/desarrollo.grupomedios.com\/futbol\/wp-json\/wp\/v2\/users\/129"}],"replies":[{"embeddable":true,"href":"http:\/\/desarrollo.grupomedios.com\/futbol\/wp-json\/wp\/v2\/comments?post=495005"}],"version-history":[{"count":1,"href":"http:\/\/desarrollo.grupomedios.com\/futbol\/wp-json\/wp\/v2\/posts\/495005\/revisions"}],"predecessor-version":[{"id":495011,"href":"http:\/\/desarrollo.grupomedios.com\/futbol\/wp-json\/wp\/v2\/posts\/495005\/revisions\/495011"}],"wp:featuredmedia":[{"embeddable":true,"href":"http:\/\/desarrollo.grupomedios.com\/futbol\/wp-json\/wp\/v2\/media\/474645"}],"wp:attachment":[{"href":"http:\/\/desarrollo.grupomedios.com\/futbol\/wp-json\/wp\/v2\/media?parent=495005"}],"wp:term":[{"taxonomy":"category","embeddable":true,"href":"http:\/\/desarrollo.grupomedios.com\/futbol\/wp-json\/wp\/v2\/categories?post=495005"},{"taxonomy":"post_tag","embeddable":true,"href":"http:\/\/desarrollo.grupomedios.com\/futbol\/wp-json\/wp\/v2\/tags?post=495005"}],"curies":[{"name":"wp","href":"https:\/\/api.w.org\/{rel}","templated":true}]}}