{"id":495022,"date":"2017-08-20T15:33:37","date_gmt":"2017-08-20T20:33:37","guid":{"rendered":"https:\/\/www.futboltotal.com.mx\/?p=495022"},"modified":"2017-08-20T15:33:37","modified_gmt":"2017-08-20T20:33:37","slug":"dorlan-pabon-recibio-insultos-racistas-en-leon","status":"publish","type":"post","link":"http:\/\/desarrollo.grupomedios.com\/futbol\/futbol-mexicano\/dorlan-pabon-recibio-insultos-racistas-en-leon\/2017\/08","title":{"rendered":"Dorlan Pab\u00f3n recibi\u00f3 insultos racistas en Le\u00f3n"},"content":{"rendered":"<p>A pesar de que <span style=\"color: #3366ff;\"><a style=\"color: #3366ff;\" href=\"https:\/\/www.futboltotal.com.mx\/2017\/08\/resultado-cronica-leon-1-2-monterrey-apertura-20017\/\" target=\"_blank\" rel=\"noopener noreferrer\">Rayados sali\u00f3 con el triunfo de la cancha del Le\u00f3n<\/a><\/span>, el conjunto de Monterrey sali\u00f3 &#8216;dolido&#8217; por los actos de racismo que sufri\u00f3 <strong>Dorlan Pab\u00f3n<\/strong>.<\/p>\n<p>El delantero colombiano, quien fue autor de uno de los goles, fue ofendido cada que se acercaba al bander\u00edn de tiro de esquina, pues la afici\u00f3n <em>Esmeralda<\/em> le gritaba &#8220;Mono&#8221; y otras palabras insultantes, a lo que \u00e9l solo sonre\u00eda.<\/p>\n<p style=\"text-align: center;\"><span style=\"color: #3366ff;\"><a style=\"color: #3366ff;\" href=\"https:\/\/www.futboltotal.com.mx\/2017\/08\/aficion-rayados-se-vio-envuelta-en-actos-bandalicos\/\">VER M\u00c1S: Afici\u00f3n de Rayados se vio envuelta en actos band\u00e1licos<\/a><\/span><\/p>\n<p>Ante estos hechos, el t\u00e9cnico de <strong>Rayados<\/strong>, Antonio Mohamed, espera haya qui\u00e9n juzgue y castigue a los seguidores del Le\u00f3n por insultar a <strong>Pab\u00f3n<\/strong>.<\/p>\n<p>\u201cUno sabe, te duelen sus acciones, no voy a opinar de lo que hace la gente, no me gusta meterme en todo, todos sabemos lo que es eso, que no se debe, hay gente que juzga, que castiga, veremos que es lo que pasa, nada m\u00e1s\u201d, declar\u00f3 el timonel.<\/p>\n<p style=\"text-align: center;\"><span style=\"color: #3366ff;\"><a style=\"color: #3366ff;\" href=\"https:\/\/www.futboltotal.com.mx\/2017\/08\/resultados-toluca-0-0-necaxa-apertura-2017-cronica\/\">VER M\u00c1S: Toluca no pudo ante un aferrado Necaxa<\/a><\/span><\/p>\n","protected":false},"excerpt":{"rendered":"<p>El cafetalero fue insultado por la afici\u00f3n de Le\u00f3n.<\/p>\n","protected":false},"author":20,"featured_media":495023,"comment_status":"closed","ping_status":"closed","sticky":false,"template":"","format":"standard","meta":[],"categories":[2198,3845],"tags":[2612,64,5966],"_links":{"self":[{"href":"http:\/\/desarrollo.grupomedios.com\/futbol\/wp-json\/wp\/v2\/posts\/495022"}],"collection":[{"href":"http:\/\/desarrollo.grupomedios.com\/futbol\/wp-json\/wp\/v2\/posts"}],"about":[{"href":"http:\/\/desarrollo.grupomedios.com\/futbol\/wp-json\/wp\/v2\/types\/post"}],"author":[{"embeddable":true,"href":"http:\/\/desarrollo.grupomedios.com\/futbol\/wp-json\/wp\/v2\/users\/20"}],"replies":[{"embeddable":true,"href":"http:\/\/desarrollo.grupomedios.com\/futbol\/wp-json\/wp\/v2\/comments?post=495022"}],"version-history":[{"count":1,"href":"http:\/\/desarrollo.grupomedios.com\/futbol\/wp-json\/wp\/v2\/posts\/495022\/revisions"}],"predecessor-version":[{"id":495025,"href":"http:\/\/desarrollo.grupomedios.com\/futbol\/wp-json\/wp\/v2\/posts\/495022\/revisions\/495025"}],"wp:featuredmedia":[{"embeddable":true,"href":"http:\/\/desarrollo.grupomedios.com\/futbol\/wp-json\/wp\/v2\/media\/495023"}],"wp:attachment":[{"href":"http:\/\/desarrollo.grupomedios.com\/futbol\/wp-json\/wp\/v2\/media?parent=495022"}],"wp:term":[{"taxonomy":"category","embeddable":true,"href":"http:\/\/desarrollo.grupomedios.com\/futbol\/wp-json\/wp\/v2\/categories?post=495022"},{"taxonomy":"post_tag","embeddable":true,"href":"http:\/\/desarrollo.grupomedios.com\/futbol\/wp-json\/wp\/v2\/tags?post=495022"}],"curies":[{"name":"wp","href":"https:\/\/api.w.org\/{rel}","templated":true}]}}