{"id":495033,"date":"2017-08-20T17:05:55","date_gmt":"2017-08-20T22:05:55","guid":{"rendered":"https:\/\/www.futboltotal.com.mx\/?p=495033"},"modified":"2017-08-20T17:33:50","modified_gmt":"2017-08-20T22:33:50","slug":"cronica-resultado-deportivo-la-coruna-0-3-real-madrid-la-liga","status":"publish","type":"post","link":"http:\/\/desarrollo.grupomedios.com\/futbol\/destacado-home\/cronica-resultado-deportivo-la-coruna-0-3-real-madrid-la-liga\/2017\/08","title":{"rendered":"Real Madrid le pas\u00f3 por encima del Depor en el Riazor"},"content":{"rendered":"<p>Este domingo se llev\u00f3 a cabo el debut del <strong>Real Madrid<\/strong> en <strong>La Liga Santader<\/strong>, con su visita al<strong> Riazor<\/strong> para enfrentar al <strong>Deportivo la Coru\u00f1a<\/strong> por la primera fecha de la temporada, encuentro en el que los Merengues vencieron 3-0 al Depor.<\/p>\n<p style=\"text-align: center;\"><a href=\"https:\/\/www.futboltotal.com.mx\/2017\/08\/neymar-reactivo-al-psg-y-golearon-al-toulouse\/\" target=\"_blank\" rel=\"noopener noreferrer\"><span style=\"color: #333399;\">VER M\u00c1S:\u00a0Neymar reactiv\u00f3 al PSG y golearon al Toulouse<\/span><\/a><\/p>\n<p>El primer tiempo inici\u00f3 con un <strong>Deportivo La Coru\u00f1a<\/strong> tirado al frente, las primeras jugadas de peligro fueron para los locales pero<strong> Navas<\/strong> salv\u00f3 su meta en dos ocasiones y evit\u00f3 la ca\u00edda de su marco, pero el conjunto blanco poco a poco se adue\u00f1\u00f3 de las acciones y encontr\u00f3 el gol al 19&#8242;, luego de que <strong>Gareth Bale<\/strong> llegara a cerrar la pinza para marcar el primero, siete minutos m\u00e1s tarde, <strong>Marcelo<\/strong> entr\u00f3 al \u00e1rea y mand\u00f3 centro raso que <strong>Casemiro<\/strong> mand\u00f3 a guardar al fondo de la red y ampli\u00f3 la ventaja para los visitantes.<\/p>\n<p style=\"text-align: center;\"><a href=\"https:\/\/www.futboltotal.com.mx\/2017\/08\/iniesta-pone-temblar-barcelona-ante-posible-salida\/\" target=\"_blank\" rel=\"noopener noreferrer\"><span style=\"color: #333399;\">VER M\u00c1S:\u00a0Iniesta pone a temblar al Barcelona ante una posible salida<\/span><\/a><\/p>\n<p>El segundo tiempo fue similar al primero, <strong>Real Madrid<\/strong> fue superior; sin embargo, baj\u00f3 en la intensidad de llegadas, mientras que los locales dejaron de atacar, \u00fanicamente tuvieron una de peligro por conducto de<strong> Guillerme<\/strong>, quien sac\u00f3 un disparo que se estrell\u00f3 en la horquilla. El tercer tanto del conjunto <em>Merengue<\/em> lleg\u00f3 por conducto de <strong>Toni Kroos<\/strong>, quien con la clase que lo caracteriza mand\u00f3 el bal\u00f3n al \u00e1ngulo tras una diagonal matona de Bale, al 88&#8242;<strong> Andone<\/strong> tuvo la oportunidad para descontar desde el manch\u00f3n penal, pero <strong>Navas<\/strong> alcanz\u00f3 a rozar el esf\u00e9rico y mantuvo invicta su meta.<\/p>\n<p style=\"text-align: center;\"><a href=\"https:\/\/www.futboltotal.com.mx\/2017\/08\/omar-govea-volvio-a-marcar-en-futbol-belgica\/\" target=\"_blank\" rel=\"noopener noreferrer\"><span style=\"color: #333399;\">VER M\u00c1S:\u00a0Omar Govea volvi\u00f3 a marcar en el futbol de B\u00e9lgica<\/span><\/a><\/p>\n<p><iframe loading=\"lazy\" src=\"https:\/\/www.youtube.com\/embed\/hAPE5sifKhM?feature=oembed\" frameborder=\"0\" allowfullscreen><\/iframe><\/p>\n","protected":false},"excerpt":{"rendered":"<p>Real Madrid venci\u00f3 sin mayores problemas al Depor en el Riazor y contin\u00faa en plan grande<\/p>\n","protected":false},"author":20,"featured_media":495044,"comment_status":"closed","ping_status":"closed","sticky":false,"template":"","format":"standard","meta":[],"categories":[5,3839,3844],"tags":[9828,76,9829,5988],"_links":{"self":[{"href":"http:\/\/desarrollo.grupomedios.com\/futbol\/wp-json\/wp\/v2\/posts\/495033"}],"collection":[{"href":"http:\/\/desarrollo.grupomedios.com\/futbol\/wp-json\/wp\/v2\/posts"}],"about":[{"href":"http:\/\/desarrollo.grupomedios.com\/futbol\/wp-json\/wp\/v2\/types\/post"}],"author":[{"embeddable":true,"href":"http:\/\/desarrollo.grupomedios.com\/futbol\/wp-json\/wp\/v2\/users\/20"}],"replies":[{"embeddable":true,"href":"http:\/\/desarrollo.grupomedios.com\/futbol\/wp-json\/wp\/v2\/comments?post=495033"}],"version-history":[{"count":10,"href":"http:\/\/desarrollo.grupomedios.com\/futbol\/wp-json\/wp\/v2\/posts\/495033\/revisions"}],"predecessor-version":[{"id":495058,"href":"http:\/\/desarrollo.grupomedios.com\/futbol\/wp-json\/wp\/v2\/posts\/495033\/revisions\/495058"}],"wp:featuredmedia":[{"embeddable":true,"href":"http:\/\/desarrollo.grupomedios.com\/futbol\/wp-json\/wp\/v2\/media\/495044"}],"wp:attachment":[{"href":"http:\/\/desarrollo.grupomedios.com\/futbol\/wp-json\/wp\/v2\/media?parent=495033"}],"wp:term":[{"taxonomy":"category","embeddable":true,"href":"http:\/\/desarrollo.grupomedios.com\/futbol\/wp-json\/wp\/v2\/categories?post=495033"},{"taxonomy":"post_tag","embeddable":true,"href":"http:\/\/desarrollo.grupomedios.com\/futbol\/wp-json\/wp\/v2\/tags?post=495033"}],"curies":[{"name":"wp","href":"https:\/\/api.w.org\/{rel}","templated":true}]}}