{"id":495037,"date":"2017-08-20T16:42:44","date_gmt":"2017-08-20T21:42:44","guid":{"rendered":"https:\/\/www.futboltotal.com.mx\/?p=495037"},"modified":"2017-08-20T16:43:10","modified_gmt":"2017-08-20T21:43:10","slug":"iniesta-pone-temblar-barcelona-ante-posible-salida","status":"publish","type":"post","link":"http:\/\/desarrollo.grupomedios.com\/futbol\/futbol-internacional\/iniesta-pone-temblar-barcelona-ante-posible-salida\/2017\/08","title":{"rendered":"Iniesta pone a temblar al Barcelona ante una posible salida"},"content":{"rendered":"<p>El mediocampista del <strong><a href=\"https:\/\/www.futboltotal.com.mx\/2017\/08\/cronica-resultado-barcelona-2-0-real-betis-la-liga\/\" target=\"_blank\" rel=\"noopener noreferrer\"><span style=\"color: #333399;\">FC Barcelona<\/span><\/a>, <span style=\"color: #333399;\"><a style=\"color: #333399;\" href=\"https:\/\/www.futboltotal.com.mx\/2017\/08\/iniesta-baja-para-la-vuelta-de-la-supercopa-de-espana\/\" target=\"_blank\" rel=\"noopener noreferrer\">Andr\u00e9s Iniesta<\/a><\/span><\/strong>, ha puesto a temblar al conjunto cul\u00e9 y a sus aficionados, tras una entrevista publicada este viernes por el diario El Pa\u00eds.<\/p>\n<p style=\"text-align: center;\"><a href=\"https:\/\/www.futboltotal.com.mx\/2017\/08\/omar-govea-volvio-a-marcar-en-futbol-belgica\/\" target=\"_blank\" rel=\"noopener noreferrer\"><span style=\"color: #333399;\">VER M\u00c1S:\u00a0Omar Govea volvi\u00f3 a marcar en el futbol de B\u00e9lgica<\/span><\/a><\/p>\n<blockquote><p>&#8220;De hecho, no he renovado todav\u00eda&#8230; He experimentado muchas sensaciones que desconoc\u00eda pero creo que son normales. Es un escenario que hace tres a\u00f1os seguramente nunca me pod\u00eda haber imaginado&#8230; Digamos que me planteo el futuro cuando antes no lo hac\u00eda&#8221;.<\/p><\/blockquote>\n<p style=\"text-align: center;\"><a href=\"https:\/\/www.futboltotal.com.mx\/2017\/08\/ric-flair-desperto-del-coma\/\" target=\"_blank\" rel=\"noopener noreferrer\"><span style=\"color: #333399;\">VER M\u00c1S:\u00a0Ric Flair despert\u00f3 del coma<\/span><\/a><\/p>\n<p>Cabe recordar que el contrato del &#8216;Fantasmita&#8217; vence en junio del a\u00f1o entrante y el centrocampista no ha renovado, ya que no tiene claro cu\u00e1l ser\u00e1 su futuro.<\/p>\n","protected":false},"excerpt":{"rendered":"<p>Iniesta no ha renovado a\u00fan con el FC Barcelona y desconoce cu\u00e1l ser\u00e1 su futuro<\/p>\n","protected":false},"author":20,"featured_media":494075,"comment_status":"closed","ping_status":"closed","sticky":false,"template":"","format":"standard","meta":[],"categories":[3839,3844],"tags":[6052,5984,1293],"_links":{"self":[{"href":"http:\/\/desarrollo.grupomedios.com\/futbol\/wp-json\/wp\/v2\/posts\/495037"}],"collection":[{"href":"http:\/\/desarrollo.grupomedios.com\/futbol\/wp-json\/wp\/v2\/posts"}],"about":[{"href":"http:\/\/desarrollo.grupomedios.com\/futbol\/wp-json\/wp\/v2\/types\/post"}],"author":[{"embeddable":true,"href":"http:\/\/desarrollo.grupomedios.com\/futbol\/wp-json\/wp\/v2\/users\/20"}],"replies":[{"embeddable":true,"href":"http:\/\/desarrollo.grupomedios.com\/futbol\/wp-json\/wp\/v2\/comments?post=495037"}],"version-history":[{"count":1,"href":"http:\/\/desarrollo.grupomedios.com\/futbol\/wp-json\/wp\/v2\/posts\/495037\/revisions"}],"predecessor-version":[{"id":495040,"href":"http:\/\/desarrollo.grupomedios.com\/futbol\/wp-json\/wp\/v2\/posts\/495037\/revisions\/495040"}],"wp:featuredmedia":[{"embeddable":true,"href":"http:\/\/desarrollo.grupomedios.com\/futbol\/wp-json\/wp\/v2\/media\/494075"}],"wp:attachment":[{"href":"http:\/\/desarrollo.grupomedios.com\/futbol\/wp-json\/wp\/v2\/media?parent=495037"}],"wp:term":[{"taxonomy":"category","embeddable":true,"href":"http:\/\/desarrollo.grupomedios.com\/futbol\/wp-json\/wp\/v2\/categories?post=495037"},{"taxonomy":"post_tag","embeddable":true,"href":"http:\/\/desarrollo.grupomedios.com\/futbol\/wp-json\/wp\/v2\/tags?post=495037"}],"curies":[{"name":"wp","href":"https:\/\/api.w.org\/{rel}","templated":true}]}}