{"id":495062,"date":"2017-08-20T18:07:20","date_gmt":"2017-08-20T23:07:20","guid":{"rendered":"https:\/\/www.futboltotal.com.mx\/?p=495062"},"modified":"2017-08-20T18:07:20","modified_gmt":"2017-08-20T23:07:20","slug":"paolo-medina-probara-suerte-en-portugal","status":"publish","type":"post","link":"http:\/\/desarrollo.grupomedios.com\/futbol\/futbol-internacional\/paolo-medina-probara-suerte-en-portugal\/2017\/08","title":{"rendered":"Paolo Medina probar\u00e1 suerte en Portugal"},"content":{"rendered":"<p>El jugador mexicano de 18 a\u00f1os que fue descartado por el<strong><a href=\"https:\/\/www.futboltotal.com.mx\/2017\/08\/cronica-resultado-deportivo-la-coruna-0-3-real-madrid-la-liga\/\" target=\"_blank\" rel=\"noopener noreferrer\"><span style=\"color: #333399;\"> Real Madrid<\/span><\/a>, <a href=\"https:\/\/www.futboltotal.com.mx\/2016\/09\/paolo-medina-inhabilitado-del-real-madrid\/\" target=\"_blank\" rel=\"noopener noreferrer\"><span style=\"color: #333399;\">Paolo Medina<\/span><\/a><\/strong>, emigr\u00f3 a tierras lusas para probar suerte con el<a href=\"https:\/\/www.futboltotal.com.mx\/2017\/08\/raul-jimenez-luce-en-goleada-del-benfica\/\" target=\"_blank\" rel=\"noopener noreferrer\"><span style=\"color: #333399;\"><strong> Benfica<\/strong><\/span><\/a> de <strong>Portugal<\/strong>, donde milita el delantero <a href=\"https:\/\/www.futboltotal.com.mx\/2017\/08\/raul-jimenez-luce-en-goleada-del-benfica\/\" target=\"_blank\" rel=\"noopener noreferrer\"><span style=\"color: #333399;\"><strong>Ra\u00fal Alonso Jim\u00e9nez.<\/strong><\/span><\/a><\/p>\n<p>En declaraciones para el diario A Bola, el joven jugador azteca declar\u00f3: &#8220;S\u00ed, estoy muy feliz&#8221;, luego de que declarara que jugar\u00e1 con las \u00e1guilas portugesas.<\/p>\n<p style=\"text-align: center;\"><a href=\"https:\/\/www.futboltotal.com.mx\/2017\/08\/cristante-capacidad-no-alcanza-arbitros\/\" target=\"_blank\" rel=\"noopener noreferrer\"><span style=\"color: #333399;\">VER M\u00c1S:\u00a0Cristante dice que la capacidad no les alcanza a los \u00e1britos<\/span><\/a><\/p>\n<p>El exjugador del <strong>Real Madrid<\/strong> deber\u00e1 continuar su proceso de formaci\u00f3n en el <strong>Benfica B<\/strong> y de acuerdo a su desempe\u00f1o y actuaciones podr\u00eda ser promovido al primer equipo.<\/p>\n<p>El talento de<strong> Medina<\/strong> es indiscutible, no por nada fue el capit\u00e1n del conjunto Merengue, adem\u00e1s de que fue uno de los candidatos al<strong> Golden Boy<\/strong> en 2017 por la revista Tuttosport.<\/p>\n<p style=\"text-align: center;\"><a href=\"https:\/\/www.futboltotal.com.mx\/2017\/08\/brittany-furlan-incendia-las-redes-nude-en-la-playa\/\" target=\"_blank\" rel=\"noopener noreferrer\"><span style=\"color: #333399;\">VER M\u00c1S:\u00a0Brittany Furlan incendia las redes con \u2018nude\u2019 en la playa<\/span><\/a><\/p>\n","protected":false},"excerpt":{"rendered":"<p>El jugador mexicano buscar\u00e1 brillar en tierras lusitanas<\/p>\n","protected":false},"author":20,"featured_media":428513,"comment_status":"closed","ping_status":"closed","sticky":false,"template":"","format":"standard","meta":[],"categories":[3839,6718],"tags":[6060,7419,5988],"_links":{"self":[{"href":"http:\/\/desarrollo.grupomedios.com\/futbol\/wp-json\/wp\/v2\/posts\/495062"}],"collection":[{"href":"http:\/\/desarrollo.grupomedios.com\/futbol\/wp-json\/wp\/v2\/posts"}],"about":[{"href":"http:\/\/desarrollo.grupomedios.com\/futbol\/wp-json\/wp\/v2\/types\/post"}],"author":[{"embeddable":true,"href":"http:\/\/desarrollo.grupomedios.com\/futbol\/wp-json\/wp\/v2\/users\/20"}],"replies":[{"embeddable":true,"href":"http:\/\/desarrollo.grupomedios.com\/futbol\/wp-json\/wp\/v2\/comments?post=495062"}],"version-history":[{"count":1,"href":"http:\/\/desarrollo.grupomedios.com\/futbol\/wp-json\/wp\/v2\/posts\/495062\/revisions"}],"predecessor-version":[{"id":495065,"href":"http:\/\/desarrollo.grupomedios.com\/futbol\/wp-json\/wp\/v2\/posts\/495062\/revisions\/495065"}],"wp:featuredmedia":[{"embeddable":true,"href":"http:\/\/desarrollo.grupomedios.com\/futbol\/wp-json\/wp\/v2\/media\/428513"}],"wp:attachment":[{"href":"http:\/\/desarrollo.grupomedios.com\/futbol\/wp-json\/wp\/v2\/media?parent=495062"}],"wp:term":[{"taxonomy":"category","embeddable":true,"href":"http:\/\/desarrollo.grupomedios.com\/futbol\/wp-json\/wp\/v2\/categories?post=495062"},{"taxonomy":"post_tag","embeddable":true,"href":"http:\/\/desarrollo.grupomedios.com\/futbol\/wp-json\/wp\/v2\/tags?post=495062"}],"curies":[{"name":"wp","href":"https:\/\/api.w.org\/{rel}","templated":true}]}}