{"id":495190,"date":"2017-08-21T11:59:51","date_gmt":"2017-08-21T16:59:51","guid":{"rendered":"https:\/\/www.futboltotal.com.mx\/?p=495190"},"modified":"2017-08-21T12:34:37","modified_gmt":"2017-08-21T17:34:37","slug":"11-ideal-la-jornada-5-del-apertura-2017","status":"publish","type":"post","link":"http:\/\/desarrollo.grupomedios.com\/futbol\/destacado-home\/11-ideal-la-jornada-5-del-apertura-2017\/2017\/08","title":{"rendered":"El 11 ideal de la Jornada 5 del Apertura 2017"},"content":{"rendered":"<p>Finaliz\u00f3 la\u00a0<strong>Jornada 5<\/strong>\u00a0del\u00a0<strong>Apertura\u00a02017<\/strong>\u00a0y sin duda ha sido una fecha llena de sorpresas, pues de los equipos grandes \u00fanicamente\u00a0<strong>Am\u00e9rica<\/strong>\u00a0y\u00a0<strong>Cruz Azul<\/strong>\u00a0se alzaron con la victoria y<strong>\u00a0Monterrey<\/strong>\u00a0sigue siendo\u00a0l\u00edder general y <strong>Chivas<\/strong> es \u00faltimo de la tabla, adem\u00e1s que hubo una gran cantidad de jugadores que lograron destacar con sus respectivos clubes, pero solo los mejores pudieron entrar a nuestro<strong>\u00a011 ideal.<\/strong><\/p>\n<p>Esta selecci\u00f3n de jugadores se destac\u00f3 gracias a las grandes actuaciones que tuvieron con sus equipos\u00a0a los largo de la\u00a0<strong>Jornada 5<\/strong>, desde su aporte defensivo y ofensivo, hasta su visi\u00f3n de campo, pases certeros, atajadas incre\u00edbles y grandes goles que los llevaron a figurar de forma individual.<\/p>\n<p style=\"text-align: center;\"><a href=\"https:\/\/www.futboltotal.com.mx\/2017\/08\/crack-jornada-5-victor-guzman-verdugo-monarcas\/\" target=\"_blank\" rel=\"noopener noreferrer\"><span style=\"color: #333399;\">VER M\u00c1S: El Crack de la Jornada 5: V\u00edctor Guzm\u00e1n, verdugo de Monarcas<\/span><\/a><\/p>\n<p><a href=\"https:\/\/www.futboltotal.com.mx\/wp-content\/uploads\/2017\/08\/J511.jpg\"><img decoding=\"async\" loading=\"lazy\" class=\"aligncenter size-large wp-image-495220\" src=\"https:\/\/www.futboltotal.com.mx\/wp-content\/uploads\/2017\/08\/J511-782x1024.jpg\" alt=\"El 11 ideal de la Jornada 5 del Apertura 2017 0\" srcset=\"http:\/\/desarrollo.grupomedios.com\/futbol\/wp-content\/uploads\/2017\/08\/J511-782x1024.jpg 782w, http:\/\/desarrollo.grupomedios.com\/futbol\/wp-content\/uploads\/2017\/08\/J511-229x300.jpg 229w, http:\/\/desarrollo.grupomedios.com\/futbol\/wp-content\/uploads\/2017\/08\/J511-768x1005.jpg 768w, http:\/\/desarrollo.grupomedios.com\/futbol\/wp-content\/uploads\/2017\/08\/J511.jpg 858w\" sizes=\"(max-width: 782px) 100vw, 782px\" \/><\/a><\/p>\n","protected":false},"excerpt":{"rendered":"<p>Te presentamos al mejor 11 de la Jornada 5 de la Liga MX. <\/p>\n","protected":false},"author":20,"featured_media":495192,"comment_status":"closed","ping_status":"closed","sticky":false,"template":"","format":"standard","meta":[],"categories":[5,2198,3845],"tags":[8357,2645,64],"_links":{"self":[{"href":"http:\/\/desarrollo.grupomedios.com\/futbol\/wp-json\/wp\/v2\/posts\/495190"}],"collection":[{"href":"http:\/\/desarrollo.grupomedios.com\/futbol\/wp-json\/wp\/v2\/posts"}],"about":[{"href":"http:\/\/desarrollo.grupomedios.com\/futbol\/wp-json\/wp\/v2\/types\/post"}],"author":[{"embeddable":true,"href":"http:\/\/desarrollo.grupomedios.com\/futbol\/wp-json\/wp\/v2\/users\/20"}],"replies":[{"embeddable":true,"href":"http:\/\/desarrollo.grupomedios.com\/futbol\/wp-json\/wp\/v2\/comments?post=495190"}],"version-history":[{"count":4,"href":"http:\/\/desarrollo.grupomedios.com\/futbol\/wp-json\/wp\/v2\/posts\/495190\/revisions"}],"predecessor-version":[{"id":495222,"href":"http:\/\/desarrollo.grupomedios.com\/futbol\/wp-json\/wp\/v2\/posts\/495190\/revisions\/495222"}],"wp:featuredmedia":[{"embeddable":true,"href":"http:\/\/desarrollo.grupomedios.com\/futbol\/wp-json\/wp\/v2\/media\/495192"}],"wp:attachment":[{"href":"http:\/\/desarrollo.grupomedios.com\/futbol\/wp-json\/wp\/v2\/media?parent=495190"}],"wp:term":[{"taxonomy":"category","embeddable":true,"href":"http:\/\/desarrollo.grupomedios.com\/futbol\/wp-json\/wp\/v2\/categories?post=495190"},{"taxonomy":"post_tag","embeddable":true,"href":"http:\/\/desarrollo.grupomedios.com\/futbol\/wp-json\/wp\/v2\/tags?post=495190"}],"curies":[{"name":"wp","href":"https:\/\/api.w.org\/{rel}","templated":true}]}}