{"id":495201,"date":"2017-08-21T08:41:53","date_gmt":"2017-08-21T13:41:53","guid":{"rendered":"https:\/\/www.futboltotal.com.mx\/?p=495201"},"modified":"2017-08-21T08:41:53","modified_gmt":"2017-08-21T13:41:53","slug":"ea-sports-revelo-portada-final-del-fifa-18","status":"publish","type":"post","link":"http:\/\/desarrollo.grupomedios.com\/futbol\/futbol-internacional\/ea-sports-revelo-portada-final-del-fifa-18\/2017\/08","title":{"rendered":"EA Sports revel\u00f3 portada final del FIFA 18"},"content":{"rendered":"<p>A pesar de que hace unos meses se anunci\u00f3 a<strong> Cristiano Ronaldo<\/strong> como figura principal, <em>EA Sports<\/em> ha terminado con los rumores y dio a conocer la portada final de<strong> FIFA 18<\/strong> con el astro del Real Madrid.<\/p>\n<p>A trav\u00e9s de su cuenta oficial de Twitter, la desarrolladora del videojuego de futbol m\u00e1s popular, public\u00f3 la car\u00e1tula final de la edici\u00f3n del pr\u00f3ximo a\u00f1o, donde aparece <strong>Cristiano<\/strong> vistiendo la nueva camiseta de los Merengues celebrando un gol.<\/p>\n<p style=\"text-align: center;\"><span style=\"color: #3366ff;\"><a style=\"color: #3366ff;\" href=\"https:\/\/www.futboltotal.com.mx\/2017\/08\/mbappe-fue-separado-del-entrenamiento-del-monaco\/\">VER M\u00c1S: Mbapp\u00e9 fue separado del entrenamiento del M\u00f3naco<\/a><\/span><\/p>\n<p>https:\/\/twitter.com\/EASPORTSFutbol\/status\/899281549090328576<\/p>\n<p>EA Sports tambi\u00e9n dio a conocer el nuevo trailer de<strong> FIFA 18<\/strong>, donde aparecer\u00e1 Cristiano como principal protagonista del videojuego.<\/p>\n","protected":false},"excerpt":{"rendered":"<p>Cristiano Ronaldo ser\u00e1 la portada por primera vez.<\/p>\n","protected":false},"author":20,"featured_media":491601,"comment_status":"closed","ping_status":"closed","sticky":false,"template":"","format":"standard","meta":[],"categories":[5419,3839],"tags":[6013,8808,5988],"_links":{"self":[{"href":"http:\/\/desarrollo.grupomedios.com\/futbol\/wp-json\/wp\/v2\/posts\/495201"}],"collection":[{"href":"http:\/\/desarrollo.grupomedios.com\/futbol\/wp-json\/wp\/v2\/posts"}],"about":[{"href":"http:\/\/desarrollo.grupomedios.com\/futbol\/wp-json\/wp\/v2\/types\/post"}],"author":[{"embeddable":true,"href":"http:\/\/desarrollo.grupomedios.com\/futbol\/wp-json\/wp\/v2\/users\/20"}],"replies":[{"embeddable":true,"href":"http:\/\/desarrollo.grupomedios.com\/futbol\/wp-json\/wp\/v2\/comments?post=495201"}],"version-history":[{"count":1,"href":"http:\/\/desarrollo.grupomedios.com\/futbol\/wp-json\/wp\/v2\/posts\/495201\/revisions"}],"predecessor-version":[{"id":495203,"href":"http:\/\/desarrollo.grupomedios.com\/futbol\/wp-json\/wp\/v2\/posts\/495201\/revisions\/495203"}],"wp:featuredmedia":[{"embeddable":true,"href":"http:\/\/desarrollo.grupomedios.com\/futbol\/wp-json\/wp\/v2\/media\/491601"}],"wp:attachment":[{"href":"http:\/\/desarrollo.grupomedios.com\/futbol\/wp-json\/wp\/v2\/media?parent=495201"}],"wp:term":[{"taxonomy":"category","embeddable":true,"href":"http:\/\/desarrollo.grupomedios.com\/futbol\/wp-json\/wp\/v2\/categories?post=495201"},{"taxonomy":"post_tag","embeddable":true,"href":"http:\/\/desarrollo.grupomedios.com\/futbol\/wp-json\/wp\/v2\/tags?post=495201"}],"curies":[{"name":"wp","href":"https:\/\/api.w.org\/{rel}","templated":true}]}}