{"id":495241,"date":"2017-08-21T11:50:56","date_gmt":"2017-08-21T16:50:56","guid":{"rendered":"https:\/\/www.futboltotal.com.mx\/?p=495241"},"modified":"2017-08-21T11:52:23","modified_gmt":"2017-08-21T16:52:23","slug":"verratti-compara-a-neymar-oliver-atom","status":"publish","type":"post","link":"http:\/\/desarrollo.grupomedios.com\/futbol\/futbol-internacional\/verratti-compara-a-neymar-oliver-atom\/2017\/08","title":{"rendered":"Verratti compara a Neymar con Oliver Atom"},"content":{"rendered":"<p><strong>Neymar<\/strong> hizo su debut en el Parque de los Pr\u00edncipes con el <strong>PSG<\/strong> y<span style=\"color: #3366ff;\"><a style=\"color: #3366ff;\" href=\"https:\/\/www.futboltotal.com.mx\/2017\/08\/neymar-reactivo-al-psg-y-golearon-al-toulouse\/\" target=\"_blank\" rel=\"noopener noreferrer\"> se estren\u00f3 con dos anotaciones en la goleada ante el Toulouse<\/a><\/span>. Adem\u00e1s, volvi\u00f3 a ser determinante para asistir a sus compa\u00f1eros.<\/p>\n<p>Incluso el italiano <strong>Marco Verratti,<\/strong> se atrevi\u00f3 a comparar el juego de<em> Ney<\/em> con el de los Supercampeones, en especial con <strong>Oliver Atom<\/strong>.<\/p>\n<p>&#8220;Marca goles que vemos solo en los dibujos animados, como en Oliver y Benji&#8221;.<\/p>\n<p style=\"text-align: center;\"><span style=\"color: #3366ff;\"><a style=\"color: #3366ff;\" href=\"https:\/\/www.futboltotal.com.mx\/2017\/08\/11-ideal-la-jornada-5-del-apertura-2017\/\">VER M\u00c1S: El 11 ideal de la Jornada 5 del Apertura 2017<\/a><\/span><\/p>\n<p>A las declaraciones de admiraci\u00f3n de su compa\u00f1ero, difundidas hoy por el PSG, tambi\u00e9n se le unieron las del t\u00e9cnico rival.<\/p>\n<p>&#8220;Admiro a <strong>Neymar<\/strong>. Su actitud es excepcional. Es tranquilo y r\u00e1pido. Es muy bueno para el f\u00fatbol&#8221;, opin\u00f3 el entrenador del Toulouse, Pascal Dupraz.<\/p>\n<p>En su estreno ante su afici\u00f3n en el Parque de los Pr\u00edncipes, sus socios principales fueron el medio franc\u00e9s Adrien Rabiot, el lateral zurdo Larvin Kurzawa y el argentino \u00c1ngel di Mar\u00eda, con los que intercambi\u00f3 16, 11 y 11 pases, respectivamente.<\/p>\n<p style=\"text-align: center;\"><span style=\"color: #3366ff;\"><a style=\"color: #3366ff;\" href=\"https:\/\/www.futboltotal.com.mx\/2017\/08\/almeyda-llamo-telefono-a-zague-le-reclamo-en-pleno-programa\/\">VER M\u00c1S: Almeyda llam\u00f3 por tel\u00e9fono a Zague y le reclam\u00f3 en pleno programa<\/a><\/span><\/p>\n<p><iframe loading=\"lazy\" src=\"https:\/\/www.youtube.com\/embed\/jB6Kce69A-M?feature=oembed\" frameborder=\"0\" allowfullscreen><\/iframe><\/p>\n<p>&#8220;Ney&#8221; pod\u00eda haber aumentado su cuenta de anoche si hubiese batido el penalti que provoc\u00f3 en el segundo periodo. Pero fue el delantero uruguayo Edinson Cavani, la referencia goleadora del club, el encargado de ejecutarlo.<\/p>\n<p>&#8220;Es bueno para m\u00ed tenerlo como jugador, pero tambi\u00e9n positivo para Par\u00eds y para Francia entera&#8221;, terci\u00f3 el t\u00e9cnico espa\u00f1ol Unai Emery, que cumple su segunda temporada en el PSG.<\/p>\n","protected":false},"excerpt":{"rendered":"<p>El brasile\u00f1o es elogiado en Francia.<\/p>\n","protected":false},"author":20,"featured_media":492598,"comment_status":"closed","ping_status":"closed","sticky":false,"template":"","format":"standard","meta":[],"categories":[3839,9609],"tags":[2028,4086,6001,114],"_links":{"self":[{"href":"http:\/\/desarrollo.grupomedios.com\/futbol\/wp-json\/wp\/v2\/posts\/495241"}],"collection":[{"href":"http:\/\/desarrollo.grupomedios.com\/futbol\/wp-json\/wp\/v2\/posts"}],"about":[{"href":"http:\/\/desarrollo.grupomedios.com\/futbol\/wp-json\/wp\/v2\/types\/post"}],"author":[{"embeddable":true,"href":"http:\/\/desarrollo.grupomedios.com\/futbol\/wp-json\/wp\/v2\/users\/20"}],"replies":[{"embeddable":true,"href":"http:\/\/desarrollo.grupomedios.com\/futbol\/wp-json\/wp\/v2\/comments?post=495241"}],"version-history":[{"count":1,"href":"http:\/\/desarrollo.grupomedios.com\/futbol\/wp-json\/wp\/v2\/posts\/495241\/revisions"}],"predecessor-version":[{"id":495247,"href":"http:\/\/desarrollo.grupomedios.com\/futbol\/wp-json\/wp\/v2\/posts\/495241\/revisions\/495247"}],"wp:featuredmedia":[{"embeddable":true,"href":"http:\/\/desarrollo.grupomedios.com\/futbol\/wp-json\/wp\/v2\/media\/492598"}],"wp:attachment":[{"href":"http:\/\/desarrollo.grupomedios.com\/futbol\/wp-json\/wp\/v2\/media?parent=495241"}],"wp:term":[{"taxonomy":"category","embeddable":true,"href":"http:\/\/desarrollo.grupomedios.com\/futbol\/wp-json\/wp\/v2\/categories?post=495241"},{"taxonomy":"post_tag","embeddable":true,"href":"http:\/\/desarrollo.grupomedios.com\/futbol\/wp-json\/wp\/v2\/tags?post=495241"}],"curies":[{"name":"wp","href":"https:\/\/api.w.org\/{rel}","templated":true}]}}