{"id":495250,"date":"2017-08-21T13:24:27","date_gmt":"2017-08-21T18:24:27","guid":{"rendered":"https:\/\/www.futboltotal.com.mx\/?p=495250"},"modified":"2017-08-21T13:50:00","modified_gmt":"2017-08-21T18:50:00","slug":"11-infame-la-jornada-5-del-apertura-2017","status":"publish","type":"post","link":"http:\/\/desarrollo.grupomedios.com\/futbol\/destacado-home\/11-infame-la-jornada-5-del-apertura-2017\/2017\/08","title":{"rendered":"El 11 infame de la Jornada 5 del Apertura 2017"},"content":{"rendered":"<p>Se jug\u00f3 una Jornada m\u00e1s de la Liga MX y el torneo de <strong>Apertura 2017<\/strong> parece que va tomando rumbo, pues comienzan a verse los equipos que van a sobresalir en el torneo y otros que estar\u00e1n destinados a mantenerse en la parte baja.<\/p>\n<p>En <strong>Futbol Total<\/strong> ya te presentamos a la<span style=\"color: #3366ff;\"> <a style=\"color: #3366ff;\" href=\"https:\/\/www.futboltotal.com.mx\/2017\/08\/11-ideal-la-jornada-5-del-apertura-2017\/\" target=\"_blank\" rel=\"noopener noreferrer\">mejor oncena<\/a><\/span> de la <strong>Jornada 5 del Apertura 2017<\/strong>, pero ahora es turno de conocer a los antagonistas y ver qui\u00e9nes no fueron de mucha ayuda para sus equipos.<\/p>\n<p>Aqu\u00ed tienes <strong>El 11 infame de la Jornada 5 del Apertura 2017<\/strong>.<\/p>\n<p style=\"text-align: center;\"><span style=\"color: #3366ff;\"><a style=\"color: #3366ff;\" href=\"https:\/\/www.futboltotal.com.mx\/2017\/08\/almeyda-llamo-telefono-a-zague-le-reclamo-en-pleno-programa\/\">VER M\u00c1S: Almeyda llam\u00f3 por tel\u00e9fono a Zague y le reclam\u00f3 en pleno programa<\/a><\/span><\/p>\n<p style=\"text-align: center;\"><a href=\"https:\/\/www.futboltotal.com.mx\/wp-content\/uploads\/2017\/08\/11-infame-jornada-5-wp.jpg\"><img decoding=\"async\" loading=\"lazy\" class=\"aligncenter wp-image-495264 size-full\" src=\"https:\/\/www.futboltotal.com.mx\/wp-content\/uploads\/2017\/08\/11-infame-jornada-5-wp.jpg\" alt=\"El 11 infame de la Jornada 5 del Apertura 2017 0\" srcset=\"http:\/\/desarrollo.grupomedios.com\/futbol\/wp-content\/uploads\/2017\/08\/11-infame-jornada-5-wp.jpg 858w, http:\/\/desarrollo.grupomedios.com\/futbol\/wp-content\/uploads\/2017\/08\/11-infame-jornada-5-wp-229x300.jpg 229w, http:\/\/desarrollo.grupomedios.com\/futbol\/wp-content\/uploads\/2017\/08\/11-infame-jornada-5-wp-768x1005.jpg 768w, http:\/\/desarrollo.grupomedios.com\/futbol\/wp-content\/uploads\/2017\/08\/11-infame-jornada-5-wp-782x1024.jpg 782w\" sizes=\"(max-width: 858px) 100vw, 858px\" \/><\/a><\/p>\n","protected":false},"excerpt":{"rendered":"<p>Es turno de ver qui\u00e9nes no fueron de mucha ayuda para sus equipos.<\/p>\n","protected":false},"author":20,"featured_media":495265,"comment_status":"closed","ping_status":"closed","sticky":false,"template":"","format":"standard","meta":[],"categories":[5,2198,3845],"tags":[8357,2645,64],"_links":{"self":[{"href":"http:\/\/desarrollo.grupomedios.com\/futbol\/wp-json\/wp\/v2\/posts\/495250"}],"collection":[{"href":"http:\/\/desarrollo.grupomedios.com\/futbol\/wp-json\/wp\/v2\/posts"}],"about":[{"href":"http:\/\/desarrollo.grupomedios.com\/futbol\/wp-json\/wp\/v2\/types\/post"}],"author":[{"embeddable":true,"href":"http:\/\/desarrollo.grupomedios.com\/futbol\/wp-json\/wp\/v2\/users\/20"}],"replies":[{"embeddable":true,"href":"http:\/\/desarrollo.grupomedios.com\/futbol\/wp-json\/wp\/v2\/comments?post=495250"}],"version-history":[{"count":1,"href":"http:\/\/desarrollo.grupomedios.com\/futbol\/wp-json\/wp\/v2\/posts\/495250\/revisions"}],"predecessor-version":[{"id":495266,"href":"http:\/\/desarrollo.grupomedios.com\/futbol\/wp-json\/wp\/v2\/posts\/495250\/revisions\/495266"}],"wp:featuredmedia":[{"embeddable":true,"href":"http:\/\/desarrollo.grupomedios.com\/futbol\/wp-json\/wp\/v2\/media\/495265"}],"wp:attachment":[{"href":"http:\/\/desarrollo.grupomedios.com\/futbol\/wp-json\/wp\/v2\/media?parent=495250"}],"wp:term":[{"taxonomy":"category","embeddable":true,"href":"http:\/\/desarrollo.grupomedios.com\/futbol\/wp-json\/wp\/v2\/categories?post=495250"},{"taxonomy":"post_tag","embeddable":true,"href":"http:\/\/desarrollo.grupomedios.com\/futbol\/wp-json\/wp\/v2\/tags?post=495250"}],"curies":[{"name":"wp","href":"https:\/\/api.w.org\/{rel}","templated":true}]}}