{"id":495320,"date":"2017-08-21T17:10:02","date_gmt":"2017-08-21T22:10:02","guid":{"rendered":"https:\/\/www.futboltotal.com.mx\/?p=495320"},"modified":"2017-08-21T17:10:02","modified_gmt":"2017-08-21T22:10:02","slug":"nasl-nombra-a-torrado-jugador-de-la-semana","status":"publish","type":"post","link":"http:\/\/desarrollo.grupomedios.com\/futbol\/futbol-internacional\/nasl-nombra-a-torrado-jugador-de-la-semana\/2017\/08","title":{"rendered":"NASL nombra a Torrado el jugador de la semana"},"content":{"rendered":"<p>El mediocampista mexicano, <a href=\"https:\/\/www.futboltotal.com.mx\/2017\/08\/gerardo-torrado-ya-tiene-fecha-para-su-retiro\/\" target=\"_blank\" rel=\"noopener noreferrer\"><span style=\"color: #333399;\"><strong>Gerardo Torrado<\/strong><\/span><\/a>, fue nombrado como el Jugador de la Semana de la <strong>Liga Norteamericana de Futbol<\/strong> (NASL), por su excelente actuaci\u00f3n con el <strong>Indy Eleven<\/strong>, en el encuentro ante el <strong>New York Cosmos.<\/strong><\/p>\n<p style=\"text-align: center;\"><a href=\"https:\/\/www.futboltotal.com.mx\/2017\/08\/new-era-presento-coleccion-del-campeon-chivas\/\" target=\"_blank\" rel=\"noopener noreferrer\"><span style=\"color: #333399;\">VER M\u00c1S:\u00a0New Era present\u00f3 colecci\u00f3n del Campe\u00f3n Chivas<\/span><\/a><\/p>\n<p>La <strong>NASL<\/strong> emiti\u00f3 un comunicado en el que inform\u00f3 que <strong>Torrado<\/strong> es el jugador de la semanas tras marcar un doblete en el empate de su equipo ante el <strong>Cosmos<\/strong>. El primer tanto del &#8216;Borrego&#8217; fue al 10&#8242; y tuvo un sabor especial por ser el primer tanto del mexicano con la escuadra estadounidense tras 32 encuentros. Minutos m\u00e1s tarde, el mexicano marc\u00f3 el doblete; sin embargo, no pudieron mantener la ventaja.<\/p>\n<p style=\"text-align: center;\"><a href=\"https:\/\/www.futboltotal.com.mx\/2017\/08\/tigres-amarro-sustituto-de-guido-pizarro\/\" target=\"_blank\" rel=\"noopener noreferrer\"><span style=\"color: #333399;\">VER M\u00c1S:\u00a0Tigres ya amarr\u00f3 al sustituto de Guido Pizarro<\/span><\/a><\/p>\n<p>En el comunicado, la <strong>NASL<\/strong> resalt\u00f3 la trayectoria del jugador de 38 a\u00f1os, al cual destacan como uno de los jugadores mexicanos m\u00e1s importantes de los \u00faltimos a\u00f1os.<\/p>\n<p>&nbsp;<\/p>\n<blockquote class=\"twitter-tweet\" data-lang=\"es\">\n<p dir=\"ltr\" lang=\"en\">NEWS | <a href=\"https:\/\/twitter.com\/hashtag\/ElTri?src=hash\">#ElTri<\/a> icon <a href=\"https:\/\/twitter.com\/gerardotorrado6\">@gerardotorrado6<\/a> named <a href=\"https:\/\/twitter.com\/hashtag\/NASL?src=hash\">#NASL<\/a> Player of the Week after two-goal effort: <a href=\"https:\/\/t.co\/lVXcwaHYCY\">https:\/\/t.co\/lVXcwaHYCY<\/a> <a href=\"https:\/\/t.co\/WPHdOI4N5X\">pic.twitter.com\/WPHdOI4N5X<\/a><\/p>\n<p>\u2014 NASL (@naslofficial) <a href=\"https:\/\/twitter.com\/naslofficial\/status\/899707676984213506\">21 de agosto de 2017<\/a><\/p><\/blockquote>\n<p><script async src=\"\/\/platform.twitter.com\/widgets.js\" charset=\"utf-8\"><\/script><\/p>\n","protected":false},"excerpt":{"rendered":"<p>La NASL nombr\u00f3 a Torrado el Jugador de la Semana<\/p>\n","protected":false},"author":20,"featured_media":493038,"comment_status":"closed","ping_status":"closed","sticky":false,"template":"","format":"standard","meta":[],"categories":[3839,9635],"tags":[379,8536,5940,6286],"_links":{"self":[{"href":"http:\/\/desarrollo.grupomedios.com\/futbol\/wp-json\/wp\/v2\/posts\/495320"}],"collection":[{"href":"http:\/\/desarrollo.grupomedios.com\/futbol\/wp-json\/wp\/v2\/posts"}],"about":[{"href":"http:\/\/desarrollo.grupomedios.com\/futbol\/wp-json\/wp\/v2\/types\/post"}],"author":[{"embeddable":true,"href":"http:\/\/desarrollo.grupomedios.com\/futbol\/wp-json\/wp\/v2\/users\/20"}],"replies":[{"embeddable":true,"href":"http:\/\/desarrollo.grupomedios.com\/futbol\/wp-json\/wp\/v2\/comments?post=495320"}],"version-history":[{"count":1,"href":"http:\/\/desarrollo.grupomedios.com\/futbol\/wp-json\/wp\/v2\/posts\/495320\/revisions"}],"predecessor-version":[{"id":495323,"href":"http:\/\/desarrollo.grupomedios.com\/futbol\/wp-json\/wp\/v2\/posts\/495320\/revisions\/495323"}],"wp:featuredmedia":[{"embeddable":true,"href":"http:\/\/desarrollo.grupomedios.com\/futbol\/wp-json\/wp\/v2\/media\/493038"}],"wp:attachment":[{"href":"http:\/\/desarrollo.grupomedios.com\/futbol\/wp-json\/wp\/v2\/media?parent=495320"}],"wp:term":[{"taxonomy":"category","embeddable":true,"href":"http:\/\/desarrollo.grupomedios.com\/futbol\/wp-json\/wp\/v2\/categories?post=495320"},{"taxonomy":"post_tag","embeddable":true,"href":"http:\/\/desarrollo.grupomedios.com\/futbol\/wp-json\/wp\/v2\/tags?post=495320"}],"curies":[{"name":"wp","href":"https:\/\/api.w.org\/{rel}","templated":true}]}}