{"id":495328,"date":"2017-08-21T17:48:11","date_gmt":"2017-08-21T22:48:11","guid":{"rendered":"https:\/\/www.futboltotal.com.mx\/?p=495328"},"modified":"2017-08-21T17:48:11","modified_gmt":"2017-08-21T22:48:11","slug":"america-se-tomo-foto-oficial-apertura-2017","status":"publish","type":"post","link":"http:\/\/desarrollo.grupomedios.com\/futbol\/destacado-home\/america-se-tomo-foto-oficial-apertura-2017\/2017\/08","title":{"rendered":"Am\u00e9rica se tom\u00f3 la foto oficial del Apertura 2017"},"content":{"rendered":"<p>Cinco jornadas han pasado de haber iniciado el presente <strong>Torneo Apertura 2017<\/strong> y <a href=\"https:\/\/www.futboltotal.com.mx\/2017\/08\/america-chivas-atlas-presentan-inconformidades-expulsiones\/\" target=\"_blank\" rel=\"noopener noreferrer\"><span style=\"color: #333399;\"><strong>Am\u00e9rica<\/strong><\/span><\/a> aprovech\u00f3 para tomarse la foto oficial bajo el lema &#8220;El talento gana juegos, el trabajo en equipo&#8230; campeonatos&#8221;, en la que los jugadores posaron con la indumentaria de localen el &#8216;Nido&#8217; de <strong>Coapa<\/strong>.<\/p>\n<p style=\"text-align: center;\"><a href=\"https:\/\/www.futboltotal.com.mx\/2017\/08\/aficionado-pumas-se-tatua-nico-castillo\/\" target=\"_blank\" rel=\"noopener noreferrer\"><span style=\"color: #333399;\">VER M\u00c1S:\u00a0Aficionado de Pumas se tat\u00faa a Nico Castillo<\/span><\/a><\/p>\n<blockquote class=\"twitter-tweet\" data-lang=\"es\">\n<p dir=\"ltr\" lang=\"es\"> Foto Oficial<\/p>\n<p>Primer Equipo | Apertura 2017<a href=\"https:\/\/twitter.com\/hashtag\/Siempre%C3%81guilas?src=hash\">#Siempre\u00c1guilas<\/a>  <a href=\"https:\/\/t.co\/7lgMGWdx9G\">pic.twitter.com\/7lgMGWdx9G<\/a><\/p>\n<p>\u2014 Club Am\u00e9rica (@ClubAmerica) <a href=\"https:\/\/twitter.com\/ClubAmerica\/status\/899707708361670656\">21 de agosto de 2017<\/a><\/p><\/blockquote>\n<p><script async src=\"\/\/platform.twitter.com\/widgets.js\" charset=\"utf-8\"><\/script><br \/>\nAdem\u00e1s de los jugadores del primer equipo, tambi\u00e9n aparecen los directivos del club vistiendo un traje en color azul oscuro y el cuerpo t\u00e9cnico emplumado con el conjunto deportivo del club.<\/p>\n<p>El equipo femenil tambi\u00e9n se tom\u00f3 la foto, la primera en su historia, situaci\u00f3n que la hace m\u00e1s emotiva.<\/p>\n<p style=\"text-align: center;\"><a href=\"https:\/\/www.futboltotal.com.mx\/2017\/08\/rooney-le-la-maldad-a-guardiola-evito-triunfo-del-city\/\" target=\"_blank\" rel=\"noopener noreferrer\"><span style=\"color: #333399;\">VER M\u00c1S:\u00a0Rooney le hizo la maldad a Guardiola y evit\u00f3 triunfo del City<\/span><\/a><\/p>\n<blockquote class=\"twitter-tweet\" data-lang=\"es\">\n<p dir=\"ltr\" lang=\"pt\"> Foto Oficial<\/p>\n<p>Am\u00e9rica Femenil | Apertura 2017<a href=\"https:\/\/twitter.com\/hashtag\/Siempre%C3%81guilas?src=hash\">#Siempre\u00c1guilas<\/a>  <a href=\"https:\/\/t.co\/royrWNWXLJ\">pic.twitter.com\/royrWNWXLJ<\/a><\/p>\n<p>\u2014 Club Am\u00e9rica Femenil (@AmericaFemenil) <a href=\"https:\/\/twitter.com\/AmericaFemenil\/status\/899707711180296193\">21 de agosto de 2017<\/a><\/p><\/blockquote>\n<p><script async src=\"\/\/platform.twitter.com\/widgets.js\" charset=\"utf-8\"><\/script><\/p>\n","protected":false},"excerpt":{"rendered":"<p>El ave se tom\u00f3 la foto presumiendo su plumaje<\/p>\n","protected":false},"author":20,"featured_media":494419,"comment_status":"closed","ping_status":"closed","sticky":false,"template":"","format":"standard","meta":[],"categories":[5,2198,3845],"tags":[5959,9825,8357,912],"_links":{"self":[{"href":"http:\/\/desarrollo.grupomedios.com\/futbol\/wp-json\/wp\/v2\/posts\/495328"}],"collection":[{"href":"http:\/\/desarrollo.grupomedios.com\/futbol\/wp-json\/wp\/v2\/posts"}],"about":[{"href":"http:\/\/desarrollo.grupomedios.com\/futbol\/wp-json\/wp\/v2\/types\/post"}],"author":[{"embeddable":true,"href":"http:\/\/desarrollo.grupomedios.com\/futbol\/wp-json\/wp\/v2\/users\/20"}],"replies":[{"embeddable":true,"href":"http:\/\/desarrollo.grupomedios.com\/futbol\/wp-json\/wp\/v2\/comments?post=495328"}],"version-history":[{"count":1,"href":"http:\/\/desarrollo.grupomedios.com\/futbol\/wp-json\/wp\/v2\/posts\/495328\/revisions"}],"predecessor-version":[{"id":495329,"href":"http:\/\/desarrollo.grupomedios.com\/futbol\/wp-json\/wp\/v2\/posts\/495328\/revisions\/495329"}],"wp:featuredmedia":[{"embeddable":true,"href":"http:\/\/desarrollo.grupomedios.com\/futbol\/wp-json\/wp\/v2\/media\/494419"}],"wp:attachment":[{"href":"http:\/\/desarrollo.grupomedios.com\/futbol\/wp-json\/wp\/v2\/media?parent=495328"}],"wp:term":[{"taxonomy":"category","embeddable":true,"href":"http:\/\/desarrollo.grupomedios.com\/futbol\/wp-json\/wp\/v2\/categories?post=495328"},{"taxonomy":"post_tag","embeddable":true,"href":"http:\/\/desarrollo.grupomedios.com\/futbol\/wp-json\/wp\/v2\/tags?post=495328"}],"curies":[{"name":"wp","href":"https:\/\/api.w.org\/{rel}","templated":true}]}}