{"id":495333,"date":"2017-08-21T18:50:41","date_gmt":"2017-08-21T23:50:41","guid":{"rendered":"https:\/\/www.futboltotal.com.mx\/?p=495333"},"modified":"2017-08-21T18:51:57","modified_gmt":"2017-08-21T23:51:57","slug":"marchesin-asegura-america-espectacular-volvio","status":"publish","type":"post","link":"http:\/\/desarrollo.grupomedios.com\/futbol\/futbol-mexicano\/marchesin-asegura-america-espectacular-volvio\/2017\/08","title":{"rendered":"Marches\u00edn asegur\u00f3 que el Am\u00e9rica espectacular volvi\u00f3"},"content":{"rendered":"<p>El guardameta del <strong><a href=\"https:\/\/www.futboltotal.com.mx\/2017\/08\/america-se-tomo-foto-oficial-apertura-2017\/\" target=\"_blank\" rel=\"noopener noreferrer\"><span style=\"color: #333399;\">Club Am\u00e9rica<\/span><\/a>, <a href=\"https:\/\/www.futboltotal.com.mx\/2017\/08\/marchesin-en-el-11-ideal-fifa-17\/\" target=\"_blank\" rel=\"noopener noreferrer\"><span style=\"color: #333399;\">Agust\u00edn Marches\u00edn<\/span><\/a><\/strong>, asegur\u00f3 que las \u00e1guilas espectaculares est\u00e1n de vuelta, tras ligar su sexta victoria al hilo entre <strong>Liga MX<\/strong> y <strong>Copa MX<\/strong>, ante <a href=\"https:\/\/www.futboltotal.com.mx\/2017\/08\/lobos-buap-no-puede-regalar-camisetas-por-bajos-recursos\/\" target=\"_blank\" rel=\"noopener noreferrer\"><span style=\"color: #333399;\"><strong>Lobos BUAP<\/strong><\/span><\/a>.<\/p>\n<blockquote><p>&#8220;Hicimos un gran partido, tuvimos errores bien marcados, pero m\u00e1s all\u00e1 de eso, es el Am\u00e9rica que todos quieren ver, el que es protagonista. El torneo pasado le quedamos a deber a la gente y en \u00e9ste hemos arrancado bien&#8221;.<\/p><\/blockquote>\n<p style=\"text-align: center;\"><a href=\"https:\/\/www.futboltotal.com.mx\/2017\/08\/comision-arbitral-sentara-j6-a-arbitros-fallaron-j5\/\" target=\"_blank\" rel=\"noopener noreferrer\"><span style=\"color: #333399;\">VER M\u00c1S:\u00a0Comisi\u00f3n Arbitral sentar\u00e1 en la J6 a \u00e1rbitros que fallaron en la J5<\/span><\/a><\/p>\n<p>&#8220;Nosotros salimos a ganar todos los partidos, es lo que pretendemos, pero lamentablemente por ah\u00ed nos emparejan los partidos con situaciones as\u00ed, con expulsiones sobre todo. M\u00e1s all\u00e1 de eso, creo que el equipo tiene un nivel muy bueno que hace que no nos tengamos que preocupar por lo que haga el \u00e1rbitro, sino por nosotros y tratar de ganar todos los partidos&#8221;, declar\u00f3 el arquero sobre los errores arbitrales que los han afectado.<\/p>\n<p style=\"text-align: center;\"><a href=\"https:\/\/www.futboltotal.com.mx\/2017\/08\/america-se-tomo-foto-oficial-apertura-2017\/\" target=\"_blank\" rel=\"noopener noreferrer\"><span style=\"color: #333399;\">VER M\u00c1S:\u00a0Am\u00e9rica se tom\u00f3 la foto oficial del Apertura 2017<\/span><\/a><\/p>\n<p><strong>Am\u00e9rica<\/strong> ya piensa en el duelo de este mi\u00e9rcoles ante <a href=\"https:\/\/www.futboltotal.com.mx\/2017\/08\/tigres-amarro-sustituto-de-guido-pizarro\/\" target=\"_blank\" rel=\"noopener noreferrer\"><span style=\"color: #333399;\"><strong>Tigres<\/strong><\/span><\/a>, por la <strong>Jornada 6<\/strong> del <strong>Apertura 2017<\/strong> y el guardameta americanista es consciente de que enfrentan a un gran equipo y no pueden cometer errores.<\/p>\n<blockquote><p>&#8220;Tigres es un rival contra el que no podemos cometer errores. Sabemos que es un contrincante directo en los primeros puestos, que es donde nosotros aspiramos a estar, es lo que nos falt\u00f3 el torneo pasado para que la gente se entusiasme con el equipo&#8221;.<\/p><\/blockquote>\n<p style=\"text-align: center;\"><a href=\"https:\/\/www.futboltotal.com.mx\/2017\/08\/aficionado-pumas-se-tatua-nico-castillo\/\" target=\"_blank\" rel=\"noopener noreferrer\"><span style=\"color: #333399;\">VER M\u00c1S:\u00a0Aficionado de Pumas se tat\u00faa a Nico Castillo<\/span><\/a><\/p>\n","protected":false},"excerpt":{"rendered":"<p>&#8216;Marche&#8217; asegur\u00f3 que el equipo se encuentra en muy buen nivel <\/p>\n","protected":false},"author":20,"featured_media":484404,"comment_status":"closed","ping_status":"closed","sticky":false,"template":"","format":"standard","meta":[],"categories":[2198,3845],"tags":[6118,5959],"_links":{"self":[{"href":"http:\/\/desarrollo.grupomedios.com\/futbol\/wp-json\/wp\/v2\/posts\/495333"}],"collection":[{"href":"http:\/\/desarrollo.grupomedios.com\/futbol\/wp-json\/wp\/v2\/posts"}],"about":[{"href":"http:\/\/desarrollo.grupomedios.com\/futbol\/wp-json\/wp\/v2\/types\/post"}],"author":[{"embeddable":true,"href":"http:\/\/desarrollo.grupomedios.com\/futbol\/wp-json\/wp\/v2\/users\/20"}],"replies":[{"embeddable":true,"href":"http:\/\/desarrollo.grupomedios.com\/futbol\/wp-json\/wp\/v2\/comments?post=495333"}],"version-history":[{"count":1,"href":"http:\/\/desarrollo.grupomedios.com\/futbol\/wp-json\/wp\/v2\/posts\/495333\/revisions"}],"predecessor-version":[{"id":495334,"href":"http:\/\/desarrollo.grupomedios.com\/futbol\/wp-json\/wp\/v2\/posts\/495333\/revisions\/495334"}],"wp:featuredmedia":[{"embeddable":true,"href":"http:\/\/desarrollo.grupomedios.com\/futbol\/wp-json\/wp\/v2\/media\/484404"}],"wp:attachment":[{"href":"http:\/\/desarrollo.grupomedios.com\/futbol\/wp-json\/wp\/v2\/media?parent=495333"}],"wp:term":[{"taxonomy":"category","embeddable":true,"href":"http:\/\/desarrollo.grupomedios.com\/futbol\/wp-json\/wp\/v2\/categories?post=495333"},{"taxonomy":"post_tag","embeddable":true,"href":"http:\/\/desarrollo.grupomedios.com\/futbol\/wp-json\/wp\/v2\/tags?post=495333"}],"curies":[{"name":"wp","href":"https:\/\/api.w.org\/{rel}","templated":true}]}}