{"id":495335,"date":"2017-08-21T19:11:35","date_gmt":"2017-08-22T00:11:35","guid":{"rendered":"https:\/\/www.futboltotal.com.mx\/?p=495335"},"modified":"2017-08-21T19:11:53","modified_gmt":"2017-08-22T00:11:53","slug":"en-chivas-no-existe-crisis-jair-pereira","status":"publish","type":"post","link":"http:\/\/desarrollo.grupomedios.com\/futbol\/destacado-home\/en-chivas-no-existe-crisis-jair-pereira\/2017\/08","title":{"rendered":"&#8220;En Chivas no existe crisis&#8221;: Jair Pereira"},"content":{"rendered":"<p>El defensor central de las <strong><a href=\"https:\/\/www.futboltotal.com.mx\/2017\/08\/new-era-presento-coleccion-del-campeon-chivas\/\" target=\"_blank\" rel=\"noopener noreferrer\"><span style=\"color: #333399;\">Chivas<\/span><\/a>, <a href=\"https:\/\/www.futboltotal.com.mx\/2017\/08\/jair-pereira-acepta-se-equivoco-agredir-canterano\/\" target=\"_blank\" rel=\"noopener noreferrer\"><span style=\"color: #333399;\">Jair Pereira<\/span><\/a>,<\/strong> declar\u00f3 que en el &#8216;Reba\u00f1o Sagrado&#8217; no existe crisis, pese a ser \u00faltimos de la general, y asegur\u00f3 que el equipo est\u00e1 enfocado en salir del mal momento.<\/p>\n<blockquote><p>&#8220;Para nada (hay crisis). Nos toc\u00f3 vivir momentos dif\u00edciles d\u00f3nde estabas viviendo un descenso y no pod\u00edas dejar escapar puntos, lo pasado lo dejamos de lado, el torneo pasado \u00a0lo dejamos a un lado y vivimos el presente, debemos salir de esta mala racha, el equipo se encuentra con la mentalidad de remontar, no podemos dejar escapar m\u00e1s puntos&#8221;.<\/p><\/blockquote>\n<p style=\"text-align: center;\"><a href=\"https:\/\/www.futboltotal.com.mx\/2017\/08\/marchesin-asegura-america-espectacular-volvio\/\" target=\"_blank\" rel=\"noopener noreferrer\"><span style=\"color: #333399;\">VER M\u00c1S:\u00a0Marches\u00edn asegur\u00f3 que el Am\u00e9rica espectacular volvi\u00f3<\/span><\/a><\/p>\n<p>Respecto al duelo que se perder\u00e1 ante Santos por haber salido expulsado en el cotejo de la <strong>Jornada 5<\/strong> ante <a href=\"https:\/\/www.futboltotal.com.mx\/2017\/08\/resultado-cronica-puebla-1-1-tijuana-copa-mx\/\" target=\"_blank\" rel=\"noopener noreferrer\"><span style=\"color: #333399;\"><strong>Puebla<\/strong><\/span><\/a> por un contacto inexistente, el &#8216;Comandante&#8217; asever\u00f3 que esperar\u00e1 la resoluci\u00f3n de la apelaci\u00f3n y pidi\u00f3 que el trabajo de los silbante sea parejo, ya que los ha perjudicado.<\/p>\n<blockquote><p>&#8220;Me encantar\u00eda poder jugar este duelo ante santos que es un partido importante para nosotros, pero esas decisiones hay una Comisi\u00f3n que se encarga de juzgar, ojal\u00e1 salga a favor&#8221;.<\/p>\n<p>&#8220;En las mejores ligas ya lo est\u00e1n haciendo, no quiero juzgar, todos nos podemos equivocar y es dif\u00edcil si alguien lo hace con dolo o no, eso nunca lo voy a saber, uno en la cancha a 200 revoluciones piensa cualquier cosa, pero solo una persona que ha jugado futbol sabe lo que se vive, cada quien sabe c\u00f3mo act\u00faa, puede cambiar un partido, a veces para bien o para mal, ahora nos toc\u00f3 este partido para mal y no puedes hacer nada&#8221;.<\/p><\/blockquote>\n<p style=\"text-align: center;\"><a href=\"https:\/\/www.futboltotal.com.mx\/2017\/08\/comision-arbitral-sentara-j6-a-arbitros-fallaron-j5\/\" target=\"_blank\" rel=\"noopener noreferrer\"><span style=\"color: #333399;\">VER M\u00c1S:\u00a0Comisi\u00f3n Arbitral sentar\u00e1 en la J6 a \u00e1rbitros que fallaron en la J5<\/span><\/a><\/p>\n","protected":false},"excerpt":{"rendered":"<p>El &#8216;Comandante&#8217; asegur\u00f3 que en Chivas no existe crisis<\/p>\n","protected":false},"author":20,"featured_media":464600,"comment_status":"closed","ping_status":"closed","sticky":false,"template":"","format":"standard","meta":[],"categories":[5,2198,3845],"tags":[70,955],"_links":{"self":[{"href":"http:\/\/desarrollo.grupomedios.com\/futbol\/wp-json\/wp\/v2\/posts\/495335"}],"collection":[{"href":"http:\/\/desarrollo.grupomedios.com\/futbol\/wp-json\/wp\/v2\/posts"}],"about":[{"href":"http:\/\/desarrollo.grupomedios.com\/futbol\/wp-json\/wp\/v2\/types\/post"}],"author":[{"embeddable":true,"href":"http:\/\/desarrollo.grupomedios.com\/futbol\/wp-json\/wp\/v2\/users\/20"}],"replies":[{"embeddable":true,"href":"http:\/\/desarrollo.grupomedios.com\/futbol\/wp-json\/wp\/v2\/comments?post=495335"}],"version-history":[{"count":1,"href":"http:\/\/desarrollo.grupomedios.com\/futbol\/wp-json\/wp\/v2\/posts\/495335\/revisions"}],"predecessor-version":[{"id":495336,"href":"http:\/\/desarrollo.grupomedios.com\/futbol\/wp-json\/wp\/v2\/posts\/495335\/revisions\/495336"}],"wp:featuredmedia":[{"embeddable":true,"href":"http:\/\/desarrollo.grupomedios.com\/futbol\/wp-json\/wp\/v2\/media\/464600"}],"wp:attachment":[{"href":"http:\/\/desarrollo.grupomedios.com\/futbol\/wp-json\/wp\/v2\/media?parent=495335"}],"wp:term":[{"taxonomy":"category","embeddable":true,"href":"http:\/\/desarrollo.grupomedios.com\/futbol\/wp-json\/wp\/v2\/categories?post=495335"},{"taxonomy":"post_tag","embeddable":true,"href":"http:\/\/desarrollo.grupomedios.com\/futbol\/wp-json\/wp\/v2\/tags?post=495335"}],"curies":[{"name":"wp","href":"https:\/\/api.w.org\/{rel}","templated":true}]}}