{"id":495373,"date":"2017-08-22T11:20:40","date_gmt":"2017-08-22T16:20:40","guid":{"rendered":"https:\/\/www.futboltotal.com.mx\/?p=495373"},"modified":"2017-08-22T11:38:56","modified_gmt":"2017-08-22T16:38:56","slug":"palencia-la-idolatria-al-rechazo-la-aficion-pumas","status":"publish","type":"post","link":"http:\/\/desarrollo.grupomedios.com\/futbol\/destacado-home\/palencia-la-idolatria-al-rechazo-la-aficion-pumas\/2017\/08","title":{"rendered":"Palencia, de la idolatr\u00eda al rechazo de la afici\u00f3n de Pumas"},"content":{"rendered":"<p>El actual estratega de los Pumas, <strong>Juan Francisco Palencia<\/strong>, vivi\u00f3 momentos emotivos con la afici\u00f3n universitaria en el <strong>Clausura 2011<\/strong>, cuando todav\u00eda estaba como futbolista y levant\u00f3 un t\u00edtulo con los felinos.<\/p>\n<p>Dos anotaciones en aquella final lo encumbraron incluso hasta a portar el capit\u00e1n con los auriazules y convertirse en un referente del \u00faltimo <strong>Pumas<\/strong> campe\u00f3n.<\/p>\n<p style=\"text-align: center;\"><span style=\"color: #333399;\"><a style=\"color: #333399;\" href=\"https:\/\/www.futboltotal.com.mx\/2017\/08\/keisuke-honda-podria-butar-en-la-jornada-6\/\" target=\"_blank\" rel=\"noopener noreferrer\">VER M\u00c1S: Keisuke Honda podr\u00eda debutar en la jornada 6<\/a><\/span><\/p>\n<p>Sin embargo, hoy vive una realidad muy distinta, los malos resultados, el estilo de juego y la fuga de algunas estrellas del plantel le han valido la antipat\u00eda de los aficionados, que ahora lo abuchean en el propio <strong>Ol\u00edmpico Universitario<\/strong>.<\/p>\n<p>[video_player]https:\/\/player.vimeo.com\/external\/230513627.hd.mp4?s=88b77dc6c9525bcb48cd9db0a471f45c7bac99b1&amp;profile_id=174[\/video_player]<\/p>\n<div class=\"adn ads\"><\/div>\n<div class=\"gA gt acV\"><\/div>\n","protected":false},"excerpt":{"rendered":"<p>El estratega vive realidades distintas como jugador y DT<\/p>\n","protected":false},"author":20,"featured_media":495374,"comment_status":"closed","ping_status":"closed","sticky":false,"template":"","format":"standard","meta":[],"categories":[5,2198,3845],"tags":[1561,74,5976],"_links":{"self":[{"href":"http:\/\/desarrollo.grupomedios.com\/futbol\/wp-json\/wp\/v2\/posts\/495373"}],"collection":[{"href":"http:\/\/desarrollo.grupomedios.com\/futbol\/wp-json\/wp\/v2\/posts"}],"about":[{"href":"http:\/\/desarrollo.grupomedios.com\/futbol\/wp-json\/wp\/v2\/types\/post"}],"author":[{"embeddable":true,"href":"http:\/\/desarrollo.grupomedios.com\/futbol\/wp-json\/wp\/v2\/users\/20"}],"replies":[{"embeddable":true,"href":"http:\/\/desarrollo.grupomedios.com\/futbol\/wp-json\/wp\/v2\/comments?post=495373"}],"version-history":[{"count":2,"href":"http:\/\/desarrollo.grupomedios.com\/futbol\/wp-json\/wp\/v2\/posts\/495373\/revisions"}],"predecessor-version":[{"id":495425,"href":"http:\/\/desarrollo.grupomedios.com\/futbol\/wp-json\/wp\/v2\/posts\/495373\/revisions\/495425"}],"wp:featuredmedia":[{"embeddable":true,"href":"http:\/\/desarrollo.grupomedios.com\/futbol\/wp-json\/wp\/v2\/media\/495374"}],"wp:attachment":[{"href":"http:\/\/desarrollo.grupomedios.com\/futbol\/wp-json\/wp\/v2\/media?parent=495373"}],"wp:term":[{"taxonomy":"category","embeddable":true,"href":"http:\/\/desarrollo.grupomedios.com\/futbol\/wp-json\/wp\/v2\/categories?post=495373"},{"taxonomy":"post_tag","embeddable":true,"href":"http:\/\/desarrollo.grupomedios.com\/futbol\/wp-json\/wp\/v2\/tags?post=495373"}],"curies":[{"name":"wp","href":"https:\/\/api.w.org\/{rel}","templated":true}]}}