{"id":495376,"date":"2017-08-22T11:15:09","date_gmt":"2017-08-22T16:15:09","guid":{"rendered":"https:\/\/www.futboltotal.com.mx\/?p=495376"},"modified":"2017-08-22T11:38:58","modified_gmt":"2017-08-22T16:38:58","slug":"perdonan-tarjeta-roja-a-jair-pereira-edson-alvarez","status":"publish","type":"post","link":"http:\/\/desarrollo.grupomedios.com\/futbol\/destacado-home\/perdonan-tarjeta-roja-a-jair-pereira-edson-alvarez\/2017\/08","title":{"rendered":"Perdonan tarjeta roja a Jair Pereira y Edson \u00c1lvarez"},"content":{"rendered":"<p>La Comisi\u00f3n Disciplinaria decidi\u00f3 quitar las tarjetas rojas del rojiblanco, <strong>Jair Pereira<\/strong>; el americanista, <strong>Edson \u00c1lvarez<\/strong>; y el atlista, <strong>Stiven Barreiro<\/strong>, futbolistas que fueron expulsados durante la jornada 5.<\/p>\n<p style=\"text-align: center;\"><span style=\"color: #333399;\"><a style=\"color: #333399;\" href=\"https:\/\/www.futboltotal.com.mx\/2017\/08\/palencia-la-idolatria-al-rechazo-la-aficion-pumas\/\" target=\"_blank\" rel=\"noopener noreferrer\">VER M\u00c1S: Palencia, de la idolatr\u00eda al rechazo de la afici\u00f3n de Pumas<\/a><\/span><\/p>\n<blockquote><p>\u201cSe informa que si procedieron las solicitudes de inconformidad por parte de los<b>\u00a0Clubes Am\u00e9rica, Atlas\u00a0<\/b>y\u00a0<b>Guadalajara<\/b>\u00a0por las expulsiones de los jugadores\u00a0<b>Edson \u00c1lvarez, Stiven Barreiro\u00a0<\/b>y<b>\u00a0Jair Pereira,<\/b>respectivamente, al considerarlas que fueron manifiestamente err\u00f3neas. Por tal motivo, quedan sin efecto las sanciones y los jugadores est\u00e1n habilitados para participar con sus equipos la siguiente jornada\u201d,\u00a0inform\u00f3 la FMF a trav\u00e9s de un comunicado.<\/p><\/blockquote>\n<p>Por otro lado, el defensa de <strong>Cruz Azul<\/strong>, <strong>Omar Mendoza<\/strong>, ser\u00e1 el \u00fanico que s\u00ed deber\u00e1 cumplir su partido de suspensi\u00f3n para la jornada 6 del Apertura 2017, luego de ver doble amarilla en el encuentro ante Atlas.<\/p>\n<div class=\"body is-zoomable\">\n<p style=\"text-align: center;\"><span style=\"color: #333399;\"><a style=\"color: #333399;\" href=\"https:\/\/www.futboltotal.com.mx\/2017\/08\/puebla-amarra-refuerzo-canadiense-y-va-tras-uruguayo\/\" target=\"_blank\" rel=\"noopener noreferrer\">VER M\u00c1S: Puebla amarra refuerzo canadiense<\/a><\/span><\/p>\n<\/div>\n","protected":false},"excerpt":{"rendered":"<p>Stiven Barreiro de Atlas tambi\u00e9n fue perdonado<\/p>\n","protected":false},"author":20,"featured_media":495251,"comment_status":"closed","ping_status":"closed","sticky":false,"template":"","format":"standard","meta":[],"categories":[5,2198,3845],"tags":[5959,70,5962,7939,955,9857],"_links":{"self":[{"href":"http:\/\/desarrollo.grupomedios.com\/futbol\/wp-json\/wp\/v2\/posts\/495376"}],"collection":[{"href":"http:\/\/desarrollo.grupomedios.com\/futbol\/wp-json\/wp\/v2\/posts"}],"about":[{"href":"http:\/\/desarrollo.grupomedios.com\/futbol\/wp-json\/wp\/v2\/types\/post"}],"author":[{"embeddable":true,"href":"http:\/\/desarrollo.grupomedios.com\/futbol\/wp-json\/wp\/v2\/users\/20"}],"replies":[{"embeddable":true,"href":"http:\/\/desarrollo.grupomedios.com\/futbol\/wp-json\/wp\/v2\/comments?post=495376"}],"version-history":[{"count":1,"href":"http:\/\/desarrollo.grupomedios.com\/futbol\/wp-json\/wp\/v2\/posts\/495376\/revisions"}],"predecessor-version":[{"id":495378,"href":"http:\/\/desarrollo.grupomedios.com\/futbol\/wp-json\/wp\/v2\/posts\/495376\/revisions\/495378"}],"wp:featuredmedia":[{"embeddable":true,"href":"http:\/\/desarrollo.grupomedios.com\/futbol\/wp-json\/wp\/v2\/media\/495251"}],"wp:attachment":[{"href":"http:\/\/desarrollo.grupomedios.com\/futbol\/wp-json\/wp\/v2\/media?parent=495376"}],"wp:term":[{"taxonomy":"category","embeddable":true,"href":"http:\/\/desarrollo.grupomedios.com\/futbol\/wp-json\/wp\/v2\/categories?post=495376"},{"taxonomy":"post_tag","embeddable":true,"href":"http:\/\/desarrollo.grupomedios.com\/futbol\/wp-json\/wp\/v2\/tags?post=495376"}],"curies":[{"name":"wp","href":"https:\/\/api.w.org\/{rel}","templated":true}]}}