{"id":495379,"date":"2017-08-22T09:38:37","date_gmt":"2017-08-22T14:38:37","guid":{"rendered":"https:\/\/www.futboltotal.com.mx\/?p=495379"},"modified":"2017-08-22T09:38:37","modified_gmt":"2017-08-22T14:38:37","slug":"raul-jimenez-en-la-mira-del-everton-monaco","status":"publish","type":"post","link":"http:\/\/desarrollo.grupomedios.com\/futbol\/futbol-mexicano\/raul-jimenez-en-la-mira-del-everton-monaco\/2017\/08","title":{"rendered":"Ra\u00fal Jim\u00e9nez, en la mira del Everton y M\u00f3naco"},"content":{"rendered":"<p>El futuro del delantero mexicano, <strong>Ra\u00fal Jim\u00e9nez<\/strong> sigue en el aire, pues dos equipos se perfilar\u00eda como su pr\u00f3ximo futuro.<\/p>\n<p><strong>M\u00f3naco<\/strong> y <strong>Everton<\/strong> son los principales interesados en hacerse con el atacante azteca, de acuerdo con el diario <em>Record de Portugal<\/em>.<\/p>\n<p style=\"text-align: center;\"><span style=\"color: #333399;\"><a style=\"color: #333399;\" href=\"https:\/\/www.futboltotal.com.mx\/2017\/08\/palencia-la-idolatria-al-rechazo-la-aficion-pumas\/\" target=\"_blank\" rel=\"noopener noreferrer\">VER M\u00c1S: Palencia, de la idolatr\u00eda al rechazo de la afici\u00f3n de Pumas<\/a><\/span><\/p>\n<p>El Everton est\u00e1 en espera de conseguir su pase a la fase de grupos de la<strong> Europa League<\/strong> para reforzar a su equipo y su primer nombre en la lista ser\u00eda el de Jim\u00e9nez y ofrecer\u00edan <strong>30 millones de euros<\/strong> por el atacante.<\/p>\n<p>Tambi\u00e9n existe una propuesta de la<strong> Liga China<\/strong>, que est\u00e1n dispuestos a desembolsar <strong>50 millones de euros<\/strong> para llevarse a Ra\u00fal.<\/p>\n<p>Por otro lado, ante la posible baja del joven delantero,<strong> Kylian Mbapp\u00e9<\/strong>, buscar\u00eda un delantero para sustituirlo y ser\u00eda el estratega,\u00a0<strong>Leonardo Jardim,\u00a0<\/strong>quien habr\u00eda puesto la mira en el mexicano.<\/p>\n<p style=\"text-align: center;\"><span style=\"color: #333399;\"><a style=\"color: #333399;\" href=\"https:\/\/www.futboltotal.com.mx\/2017\/08\/perdonan-tarjeta-roja-a-jair-pereira-edson-alvarez\/\" target=\"_blank\" rel=\"noopener noreferrer\">VER M\u00c1S: Perdonan tarjeta roja a Edson \u00c1lvarez y Jair Pereira<\/a><\/span><\/p>\n<p>&nbsp;<\/p>\n","protected":false},"excerpt":{"rendered":"<p>Tambi\u00e9n le sali\u00f3 una oferta del futbol chino<\/p>\n","protected":false},"author":20,"featured_media":490963,"comment_status":"closed","ping_status":"closed","sticky":false,"template":"","format":"standard","meta":[],"categories":[2198,3845],"tags":[6060,219,6093,742],"_links":{"self":[{"href":"http:\/\/desarrollo.grupomedios.com\/futbol\/wp-json\/wp\/v2\/posts\/495379"}],"collection":[{"href":"http:\/\/desarrollo.grupomedios.com\/futbol\/wp-json\/wp\/v2\/posts"}],"about":[{"href":"http:\/\/desarrollo.grupomedios.com\/futbol\/wp-json\/wp\/v2\/types\/post"}],"author":[{"embeddable":true,"href":"http:\/\/desarrollo.grupomedios.com\/futbol\/wp-json\/wp\/v2\/users\/20"}],"replies":[{"embeddable":true,"href":"http:\/\/desarrollo.grupomedios.com\/futbol\/wp-json\/wp\/v2\/comments?post=495379"}],"version-history":[{"count":1,"href":"http:\/\/desarrollo.grupomedios.com\/futbol\/wp-json\/wp\/v2\/posts\/495379\/revisions"}],"predecessor-version":[{"id":495386,"href":"http:\/\/desarrollo.grupomedios.com\/futbol\/wp-json\/wp\/v2\/posts\/495379\/revisions\/495386"}],"wp:featuredmedia":[{"embeddable":true,"href":"http:\/\/desarrollo.grupomedios.com\/futbol\/wp-json\/wp\/v2\/media\/490963"}],"wp:attachment":[{"href":"http:\/\/desarrollo.grupomedios.com\/futbol\/wp-json\/wp\/v2\/media?parent=495379"}],"wp:term":[{"taxonomy":"category","embeddable":true,"href":"http:\/\/desarrollo.grupomedios.com\/futbol\/wp-json\/wp\/v2\/categories?post=495379"},{"taxonomy":"post_tag","embeddable":true,"href":"http:\/\/desarrollo.grupomedios.com\/futbol\/wp-json\/wp\/v2\/tags?post=495379"}],"curies":[{"name":"wp","href":"https:\/\/api.w.org\/{rel}","templated":true}]}}