{"id":495393,"date":"2017-08-22T11:30:07","date_gmt":"2017-08-22T16:30:07","guid":{"rendered":"https:\/\/www.futboltotal.com.mx\/?p=495393"},"modified":"2017-08-22T11:30:07","modified_gmt":"2017-08-22T16:30:07","slug":"cristiano-ronaldo-reaparecera-en-trofeo-bernabeu","status":"publish","type":"post","link":"http:\/\/desarrollo.grupomedios.com\/futbol\/futbol-internacional\/cristiano-ronaldo-reaparecera-en-trofeo-bernabeu\/2017\/08","title":{"rendered":"Cristiano Ronaldo reaparecer\u00e1 en el Trofeo Bernab\u00e9u"},"content":{"rendered":"<p>La edici\u00f3n 2017 del <strong>Trofeo Santiago Bernab\u00e9u<\/strong> tendr\u00e1 al <strong>Real Madrid<\/strong>, sin duda el mejor equipo del mundo en la actualidad, siendo anfitri\u00f3n de la <strong>Fiorentina<\/strong> en el partido que servir\u00e1 como la reaparici\u00f3n de <strong>Cristiano Ronaldo<\/strong> en la casa del madridismo.<\/p>\n<p>Este mi\u00e9rcoles, en punto de las 15:45 horas tiempo de M\u00e9xico, los <em>Merengues<\/em> enfrentar\u00e1n a una <em>Fiore<\/em> que parece lejos de su mejor \u00e9poca, que sumado a los triunfos del cuadro blanco sobre <strong>Manchester United<\/strong> y <strong>Barcelona<\/strong>, para ganar la <strong>Supercopa de Europa<\/strong> y <strong>Supercopa de Espa\u00f1a<\/strong> respectivamente, hace que\u00a0la importancia de este duelo se centre en que <strong><em>CR7<\/em><\/strong> vuelva a pisar el c\u00e9sped del Bernab\u00e9u.<\/p>\n<p style=\"text-align: center;\"><a href=\"https:\/\/www.futboltotal.com.mx\/2017\/08\/tigres-se-conforma-e-ira-refuerzo-argentina\/\" target=\"_blank\" rel=\"noopener noreferrer\"><span style=\"color: #333399;\">VER M\u00c1S: Tigres no se conforma e ir\u00e1 por otro refuerzo desde Argentina<\/span><\/a><\/p>\n<p>Esta ser\u00e1 la primera vez que Ronaldo aparezca ante su gente luego de haber afrontado el esc\u00e1ndalo de la investigaci\u00f3n de hacienda en su contra y las versiones que\u00a0se filtraron sobre su deseo de abandonar Espa\u00f1a ante una persecuci\u00f3n sobre el portugu\u00e9s, lo que gener\u00f3 un morbo sobre c\u00f3mo recibir\u00e1 la afici\u00f3n merengue a su \u00eddolo.<\/p>\n<p>En el segundo duelo de la Supercopa espa\u00f1ola ante Barcelona, Cristiano no pudo ver acci\u00f3n luego de la pol\u00e9mica expulsi\u00f3n que sufri\u00f3 en el juego de ida y que caus\u00f3 que Ronaldo volviera a alzar la voz al sentir que hab\u00eda una persecuci\u00f3n sobre su persona, esta vez por parte del arbitraje y federativos.<\/p>\n<p>Pero el p\u00fablico del Bernab\u00e9u no dej\u00f3 de alzar la voz, previo al partido manifestando su apoyo a <em>CR7<\/em> en redes sociales y durante el juego con una pa\u00f1olada contra la Federaci\u00f3n, lo que deja el escenario listo para que Cristiano viva el Trofeo Santiago Bernab\u00e9u como un reencuentro con su gente.<\/p>\n","protected":false},"excerpt":{"rendered":"<p>Ante la Fiorentina, CR7 se reencontrar\u00e1 con su afici\u00f3n.<\/p>\n","protected":false},"author":20,"featured_media":495421,"comment_status":"closed","ping_status":"closed","sticky":false,"template":"","format":"standard","meta":[],"categories":[3839,3844],"tags":[6013,1053,5988,4222],"_links":{"self":[{"href":"http:\/\/desarrollo.grupomedios.com\/futbol\/wp-json\/wp\/v2\/posts\/495393"}],"collection":[{"href":"http:\/\/desarrollo.grupomedios.com\/futbol\/wp-json\/wp\/v2\/posts"}],"about":[{"href":"http:\/\/desarrollo.grupomedios.com\/futbol\/wp-json\/wp\/v2\/types\/post"}],"author":[{"embeddable":true,"href":"http:\/\/desarrollo.grupomedios.com\/futbol\/wp-json\/wp\/v2\/users\/20"}],"replies":[{"embeddable":true,"href":"http:\/\/desarrollo.grupomedios.com\/futbol\/wp-json\/wp\/v2\/comments?post=495393"}],"version-history":[{"count":1,"href":"http:\/\/desarrollo.grupomedios.com\/futbol\/wp-json\/wp\/v2\/posts\/495393\/revisions"}],"predecessor-version":[{"id":495422,"href":"http:\/\/desarrollo.grupomedios.com\/futbol\/wp-json\/wp\/v2\/posts\/495393\/revisions\/495422"}],"wp:featuredmedia":[{"embeddable":true,"href":"http:\/\/desarrollo.grupomedios.com\/futbol\/wp-json\/wp\/v2\/media\/495421"}],"wp:attachment":[{"href":"http:\/\/desarrollo.grupomedios.com\/futbol\/wp-json\/wp\/v2\/media?parent=495393"}],"wp:term":[{"taxonomy":"category","embeddable":true,"href":"http:\/\/desarrollo.grupomedios.com\/futbol\/wp-json\/wp\/v2\/categories?post=495393"},{"taxonomy":"post_tag","embeddable":true,"href":"http:\/\/desarrollo.grupomedios.com\/futbol\/wp-json\/wp\/v2\/tags?post=495393"}],"curies":[{"name":"wp","href":"https:\/\/api.w.org\/{rel}","templated":true}]}}