{"id":495410,"date":"2017-08-22T11:07:39","date_gmt":"2017-08-22T16:07:39","guid":{"rendered":"https:\/\/www.futboltotal.com.mx\/?p=495410"},"modified":"2017-08-22T11:07:39","modified_gmt":"2017-08-22T16:07:39","slug":"estos-jugadores-usaron-sustancias-prohibidas-en-sudafrica-2010","status":"publish","type":"post","link":"http:\/\/desarrollo.grupomedios.com\/futbol\/futbol-internacional\/estos-jugadores-usaron-sustancias-prohibidas-en-sudafrica-2010\/2017\/08","title":{"rendered":"Estos jugadores usaron sustancias prohibidas en Sud\u00e1frica 2010"},"content":{"rendered":"<p>De acuerdo a un grupo de hackers rusos, llamado &#8216;The Fancy Bears&#8217;, \u00a0<strong>FIFA<\/strong> habr\u00eda autorizado a varios jugadores utilizar sustancias prohibidas para el<strong> Mundial de Sud\u00e1frica 2010<\/strong> argumentando bases m\u00e9dicas para hacerlo.<\/p>\n<blockquote><p>&#8220;Tevez, entonces en Manchester City, es uno de los cinco argentinos que habr\u00edan usado Betamethasone, un esteroide que se suele encontrar en cremas para tratar problemas de piel&#8221;, detalla\u00a0el diario <strong>The Sun<\/strong>.<\/p><\/blockquote>\n<p style=\"text-align: center;\"><span style=\"color: #333399;\"><a style=\"color: #333399;\" href=\"https:\/\/www.futboltotal.com.mx\/2017\/08\/la-roma-quiere-llevarse-a-este-futbolista-del-barcelona\/\" target=\"_blank\" rel=\"noopener noreferrer\">VER M\u00c1S: Roma quiere llevarse a este futbolista del Barcelona<\/a><\/span><\/p>\n<p>Estos futbolistas habr\u00edan sido &#8220;habilitados por FIFA para utilizar sustancias prohibidas, seg\u00fan documentos hackeados que fueron publicados en Internet&#8221;, destaca el diario ingl\u00e9s.<\/p>\n<p>Por la selecci\u00f3n de Argentina estar\u00edan se\u00f1alados,\u00a0<strong>\u00a0Carlos Tevez, Diego Milito, Juan Sebasti\u00e1n Ver\u00f3n, Walter Samuel y Gabriel Heinze.<\/strong><\/p>\n<p>En el documento tambi\u00e9n destacan los nombres del holand\u00e9s\u00a0<strong>Dirk Kuyt,\u00a0<\/strong>el alem\u00e1n,\u00a0<strong>Mario Gomez,\u00a0<\/strong>los italianos, <strong>Vincenzo Iaquinta<\/strong> y <strong>Mauro Camoranesi<\/strong> y el chileno, <strong>Humbertio Suazo<\/strong>.<\/p>\n<p style=\"text-align: center;\"><span style=\"color: #333399;\"><a style=\"color: #333399;\" href=\"https:\/\/www.futboltotal.com.mx\/2017\/08\/iniesta-duda-continuar-en-barcelona-a-donde-ira\/\" target=\"_blank\" rel=\"noopener noreferrer\">VER M\u00c1S: Iniesta no seguir\u00eda en Barcelona y estos ser\u00edan sus posibles destino<\/a><\/span><\/p>\n<p>&nbsp;<\/p>\n<p>&nbsp;<\/p>\n","protected":false},"excerpt":{"rendered":"<p>La lista tiene jugadores de varias nacionalidades<\/p>\n","protected":false},"author":20,"featured_media":480722,"comment_status":"closed","ping_status":"closed","sticky":false,"template":"","format":"standard","meta":[],"categories":[3839],"tags":[1741,4385,8595,9316,410,4034,6085,8082,5068,7912],"_links":{"self":[{"href":"http:\/\/desarrollo.grupomedios.com\/futbol\/wp-json\/wp\/v2\/posts\/495410"}],"collection":[{"href":"http:\/\/desarrollo.grupomedios.com\/futbol\/wp-json\/wp\/v2\/posts"}],"about":[{"href":"http:\/\/desarrollo.grupomedios.com\/futbol\/wp-json\/wp\/v2\/types\/post"}],"author":[{"embeddable":true,"href":"http:\/\/desarrollo.grupomedios.com\/futbol\/wp-json\/wp\/v2\/users\/20"}],"replies":[{"embeddable":true,"href":"http:\/\/desarrollo.grupomedios.com\/futbol\/wp-json\/wp\/v2\/comments?post=495410"}],"version-history":[{"count":1,"href":"http:\/\/desarrollo.grupomedios.com\/futbol\/wp-json\/wp\/v2\/posts\/495410\/revisions"}],"predecessor-version":[{"id":495415,"href":"http:\/\/desarrollo.grupomedios.com\/futbol\/wp-json\/wp\/v2\/posts\/495410\/revisions\/495415"}],"wp:featuredmedia":[{"embeddable":true,"href":"http:\/\/desarrollo.grupomedios.com\/futbol\/wp-json\/wp\/v2\/media\/480722"}],"wp:attachment":[{"href":"http:\/\/desarrollo.grupomedios.com\/futbol\/wp-json\/wp\/v2\/media?parent=495410"}],"wp:term":[{"taxonomy":"category","embeddable":true,"href":"http:\/\/desarrollo.grupomedios.com\/futbol\/wp-json\/wp\/v2\/categories?post=495410"},{"taxonomy":"post_tag","embeddable":true,"href":"http:\/\/desarrollo.grupomedios.com\/futbol\/wp-json\/wp\/v2\/tags?post=495410"}],"curies":[{"name":"wp","href":"https:\/\/api.w.org\/{rel}","templated":true}]}}