{"id":495448,"date":"2017-08-22T14:52:51","date_gmt":"2017-08-22T19:52:51","guid":{"rendered":"https:\/\/www.futboltotal.com.mx\/?p=495448"},"modified":"2017-08-22T16:31:08","modified_gmt":"2017-08-22T21:31:08","slug":"mcgregor-manda-contundente-mensaje-a-mayweather-en-redes","status":"publish","type":"post","link":"http:\/\/desarrollo.grupomedios.com\/futbol\/destacado-home\/mcgregor-manda-contundente-mensaje-a-mayweather-en-redes\/2017\/08","title":{"rendered":"McGregor manda contundente mensaje a Mayweather en redes"},"content":{"rendered":"<p>Ya s\u00f3lo faltan escasos d\u00edas para que se lleve a cabo la tan esperada pelea entre <strong>Floyd Mayweather Jr.<\/strong> y <strong>Conor McGregor<\/strong> y el peleador de artes marciales mixtas, fiel a lo que han mostrado ambos gladiadores hasta ahora, le envi\u00f3 un pol\u00e9mico mensaje a <em><strong>Money<\/strong><\/em> para calentar la pelea de este s\u00e1bado 26 de agosto en el <strong>MGM Grand de Las Vegas<\/strong>.<\/p>\n<p>El irland\u00e9s us\u00f3 las redes sociales para publicar una imagen suya en la que aparece con los pu\u00f1os levantados en se\u00f1al de victoria y la frase: &#8220;Wake up Floyd. It&#8217;s all over (Despierta Floyd. Se acab\u00f3)&#8221;.<\/p>\n<p style=\"text-align: center;\"><a href=\"https:\/\/www.futboltotal.com.mx\/2017\/08\/jugadora-rugby-quedo-semidesnuda-una-jugada\/\" target=\"_blank\" rel=\"noopener noreferrer\"><span style=\"color: #333399;\">VER M\u00c1S: Jugadora de rugby qued\u00f3 semidesnuda durante una jugada<\/span><\/a><\/p>\n<p><a href=\"https:\/\/www.futboltotal.com.mx\/wp-content\/uploads\/2017\/08\/McGregor-Instagram.jpg\"><img decoding=\"async\" loading=\"lazy\" class=\"aligncenter size-large wp-image-495456\" src=\"https:\/\/www.futboltotal.com.mx\/wp-content\/uploads\/2017\/08\/McGregor-Instagram-1024x576.jpg\" alt=\"McGregor manda contundente mensaje a Mayweather en redes 0\" srcset=\"http:\/\/desarrollo.grupomedios.com\/futbol\/wp-content\/uploads\/2017\/08\/McGregor-Instagram-1024x576.jpg 1024w, http:\/\/desarrollo.grupomedios.com\/futbol\/wp-content\/uploads\/2017\/08\/McGregor-Instagram-300x169.jpg 300w, http:\/\/desarrollo.grupomedios.com\/futbol\/wp-content\/uploads\/2017\/08\/McGregor-Instagram-768x432.jpg 768w, http:\/\/desarrollo.grupomedios.com\/futbol\/wp-content\/uploads\/2017\/08\/McGregor-Instagram-393x221.jpg 393w, http:\/\/desarrollo.grupomedios.com\/futbol\/wp-content\/uploads\/2017\/08\/McGregor-Instagram.jpg 1136w\" sizes=\"(max-width: 1024px) 100vw, 1024px\" \/><\/a><\/p>\n<p>Despu\u00e9s, <em><strong>The Notorius<\/strong><\/em> presumi\u00f3 el estado f\u00edsico que tiene a poco tiempo de que se enfrente a <strong>Mayweather<\/strong>.<\/p>\n<p><a href=\"https:\/\/www.futboltotal.com.mx\/wp-content\/uploads\/2017\/08\/McGregor-Instagram2.jpg\"><img decoding=\"async\" loading=\"lazy\" class=\"aligncenter size-large wp-image-495459\" src=\"https:\/\/www.futboltotal.com.mx\/wp-content\/uploads\/2017\/08\/McGregor-Instagram2-1024x576.jpg\" alt=\"McGregor manda contundente mensaje a Mayweather en redes 1\" srcset=\"http:\/\/desarrollo.grupomedios.com\/futbol\/wp-content\/uploads\/2017\/08\/McGregor-Instagram2-1024x576.jpg 1024w, http:\/\/desarrollo.grupomedios.com\/futbol\/wp-content\/uploads\/2017\/08\/McGregor-Instagram2-300x169.jpg 300w, http:\/\/desarrollo.grupomedios.com\/futbol\/wp-content\/uploads\/2017\/08\/McGregor-Instagram2-768x432.jpg 768w, http:\/\/desarrollo.grupomedios.com\/futbol\/wp-content\/uploads\/2017\/08\/McGregor-Instagram2-393x221.jpg 393w, http:\/\/desarrollo.grupomedios.com\/futbol\/wp-content\/uploads\/2017\/08\/McGregor-Instagram2.jpg 1136w\" sizes=\"(max-width: 1024px) 100vw, 1024px\" \/><\/a><\/p>\n","protected":false},"excerpt":{"rendered":"<p>El peleador irland\u00e9s calent\u00f3 la pelea que sostendr\u00e1 ante Money Mayweather.<\/p>\n","protected":false},"author":20,"featured_media":495449,"comment_status":"closed","ping_status":"closed","sticky":false,"template":"","format":"standard","meta":[],"categories":[6282,5,6411],"tags":[8231,5518],"_links":{"self":[{"href":"http:\/\/desarrollo.grupomedios.com\/futbol\/wp-json\/wp\/v2\/posts\/495448"}],"collection":[{"href":"http:\/\/desarrollo.grupomedios.com\/futbol\/wp-json\/wp\/v2\/posts"}],"about":[{"href":"http:\/\/desarrollo.grupomedios.com\/futbol\/wp-json\/wp\/v2\/types\/post"}],"author":[{"embeddable":true,"href":"http:\/\/desarrollo.grupomedios.com\/futbol\/wp-json\/wp\/v2\/users\/20"}],"replies":[{"embeddable":true,"href":"http:\/\/desarrollo.grupomedios.com\/futbol\/wp-json\/wp\/v2\/comments?post=495448"}],"version-history":[{"count":1,"href":"http:\/\/desarrollo.grupomedios.com\/futbol\/wp-json\/wp\/v2\/posts\/495448\/revisions"}],"predecessor-version":[{"id":495462,"href":"http:\/\/desarrollo.grupomedios.com\/futbol\/wp-json\/wp\/v2\/posts\/495448\/revisions\/495462"}],"wp:featuredmedia":[{"embeddable":true,"href":"http:\/\/desarrollo.grupomedios.com\/futbol\/wp-json\/wp\/v2\/media\/495449"}],"wp:attachment":[{"href":"http:\/\/desarrollo.grupomedios.com\/futbol\/wp-json\/wp\/v2\/media?parent=495448"}],"wp:term":[{"taxonomy":"category","embeddable":true,"href":"http:\/\/desarrollo.grupomedios.com\/futbol\/wp-json\/wp\/v2\/categories?post=495448"},{"taxonomy":"post_tag","embeddable":true,"href":"http:\/\/desarrollo.grupomedios.com\/futbol\/wp-json\/wp\/v2\/tags?post=495448"}],"curies":[{"name":"wp","href":"https:\/\/api.w.org\/{rel}","templated":true}]}}