{"id":495469,"date":"2017-08-22T14:37:14","date_gmt":"2017-08-22T19:37:14","guid":{"rendered":"https:\/\/www.futboltotal.com.mx\/?p=495469"},"modified":"2017-08-22T14:37:14","modified_gmt":"2017-08-22T19:37:14","slug":"lobos-buap-lanza-promocion-para-ganar-playera-wolfsburgo","status":"publish","type":"post","link":"http:\/\/desarrollo.grupomedios.com\/futbol\/futbol-mexicano\/lobos-buap-lanza-promocion-para-ganar-playera-wolfsburgo\/2017\/08","title":{"rendered":"Lobos BUAP lanza promoci\u00f3n para ganar playera del Wolfsburgo"},"content":{"rendered":"<p><strong>Lobos BUAP<\/strong> y el <strong>Wolfsburgo<\/strong> de la <strong>Bundesliga<\/strong> han unido fuerzas y creado una excelente relaci\u00f3n, es por ello que la escuadra poblana lanz\u00f3 una din\u00e1mica para ganar la camiseta del cuadro alem\u00e1n.<\/p>\n<p>El concurso fue lanzado a trav\u00e9s de la cuenta oficial de<strong> Twitter<\/strong> de <strong>Lobos BUAP<\/strong> y el conjunto teut\u00f3n se encarg\u00f3 de respaldarlo. La din\u00e1mica es bastante simple, \u00fanicamente seguir la cuenta en espa\u00f1ol del <strong>Wolfsburgo<\/strong> y dar retweet a la publicaci\u00f3n de<strong> Lobos.<\/strong><\/p>\n<p>&nbsp;<\/p>\n<blockquote class=\"twitter-tweet\" data-lang=\"es\">\n<p dir=\"ltr\" lang=\"es\">G\u00e1nate la camiseta oficial de nuestros Lobo-hermanos <a href=\"https:\/\/twitter.com\/VfLWolfsburg_ES\">@VfLWolfsburg_ES<\/a><br \/>\n\u27a1 Sigue a: <a href=\"https:\/\/twitter.com\/VfLWolfsburg_ES\">@VfLWolfsburg_ES<\/a><br \/>\n\u27a1 \u00a1Dale RT a este tweet!<br \/>\n\u27a1 \u00a1Buena suerte! <a href=\"https:\/\/t.co\/px3ZZUCDbV\">pic.twitter.com\/px3ZZUCDbV<\/a><\/p>\n<p>\u2014 Lobos Buap Oficial (@LobosBuapMX) <a href=\"https:\/\/twitter.com\/LobosBuapMX\/status\/899836773466906625\">22 de agosto de 2017<\/a><\/p><\/blockquote>\n<p><script async src=\"\/\/platform.twitter.com\/widgets.js\" charset=\"utf-8\"><\/script><\/p>\n<p>Cabe recordar que la relaci\u00f3n entre ambos conjuntos naci\u00f3 a partir de los mensajes de apoyo de los alemanes con la escuadra mexicana.<\/p>\n<p>&nbsp;<\/p>\n<blockquote class=\"twitter-tweet\" data-lang=\"es\">\n<p dir=\"ltr\" lang=\"es\">\u00a1La amistad de un lobo, rompe fronteras! Tenemos concurso con nuestros lobo-hermanos de <a href=\"https:\/\/twitter.com\/LobosBuapMX\">@LobosBuapMX<\/a>. Participa ya &#x1f447; &#x1f1f2;&#x1f1fd;&#x1f43a;&#x1f1e9;&#x1f1ea; <a href=\"https:\/\/t.co\/nIsP7UhY1E\">https:\/\/t.co\/nIsP7UhY1E<\/a><\/p>\n<p>\u2014 VfL Wolfsburg ES (@VfLWolfsburg_ES) <a href=\"https:\/\/twitter.com\/VfLWolfsburg_ES\/status\/899837761082998784\">22 de agosto de 2017<\/a><\/p><\/blockquote>\n<p><script async src=\"\/\/platform.twitter.com\/widgets.js\" charset=\"utf-8\"><\/script><\/p>\n","protected":false},"excerpt":{"rendered":"<p>Lobos BUAP y Wolfsburgo, los nuevos &#8216;lobo hermanos&#8217;<\/p>\n","protected":false},"author":20,"featured_media":495436,"comment_status":"closed","ping_status":"closed","sticky":false,"template":"","format":"standard","meta":[],"categories":[3839,2198,3845],"tags":[119,431,3521],"_links":{"self":[{"href":"http:\/\/desarrollo.grupomedios.com\/futbol\/wp-json\/wp\/v2\/posts\/495469"}],"collection":[{"href":"http:\/\/desarrollo.grupomedios.com\/futbol\/wp-json\/wp\/v2\/posts"}],"about":[{"href":"http:\/\/desarrollo.grupomedios.com\/futbol\/wp-json\/wp\/v2\/types\/post"}],"author":[{"embeddable":true,"href":"http:\/\/desarrollo.grupomedios.com\/futbol\/wp-json\/wp\/v2\/users\/20"}],"replies":[{"embeddable":true,"href":"http:\/\/desarrollo.grupomedios.com\/futbol\/wp-json\/wp\/v2\/comments?post=495469"}],"version-history":[{"count":1,"href":"http:\/\/desarrollo.grupomedios.com\/futbol\/wp-json\/wp\/v2\/posts\/495469\/revisions"}],"predecessor-version":[{"id":495471,"href":"http:\/\/desarrollo.grupomedios.com\/futbol\/wp-json\/wp\/v2\/posts\/495469\/revisions\/495471"}],"wp:featuredmedia":[{"embeddable":true,"href":"http:\/\/desarrollo.grupomedios.com\/futbol\/wp-json\/wp\/v2\/media\/495436"}],"wp:attachment":[{"href":"http:\/\/desarrollo.grupomedios.com\/futbol\/wp-json\/wp\/v2\/media?parent=495469"}],"wp:term":[{"taxonomy":"category","embeddable":true,"href":"http:\/\/desarrollo.grupomedios.com\/futbol\/wp-json\/wp\/v2\/categories?post=495469"},{"taxonomy":"post_tag","embeddable":true,"href":"http:\/\/desarrollo.grupomedios.com\/futbol\/wp-json\/wp\/v2\/tags?post=495469"}],"curies":[{"name":"wp","href":"https:\/\/api.w.org\/{rel}","templated":true}]}}