{"id":495480,"date":"2017-08-22T15:58:34","date_gmt":"2017-08-22T20:58:34","guid":{"rendered":"https:\/\/www.futboltotal.com.mx\/?p=495480"},"modified":"2017-08-22T15:58:34","modified_gmt":"2017-08-22T20:58:34","slug":"napoli-sevilla-cumplen-ya-estan-en-champions-league","status":"publish","type":"post","link":"http:\/\/desarrollo.grupomedios.com\/futbol\/futbol-internacional\/napoli-sevilla-cumplen-ya-estan-en-champions-league\/2017\/08","title":{"rendered":"Napoli y Sevilla cumplen, y ya est\u00e1n en Champions League"},"content":{"rendered":"<p>El<strong> Napoli<\/strong> de Italia y el<strong> Sevilla<\/strong> de Espa\u00f1a cumplieron en la Fase Previa y obtuvieron su clasificaci\u00f3n a la ronda de Grupos de la <strong>UEFA Champions League<\/strong> luego de vencer al Nice y al Istanbul Basakheir.<\/p>\n<p>https:\/\/twitter.com\/ChampionsLeague\/status\/900095195781398531<\/p>\n<p>El conjunto italiano sell\u00f3 su pase en Francia y confirm\u00f3 su supremac\u00eda sobre el club franc\u00e9s, pues luego del triunfo de 2-0 en N\u00e1poles, repitieron el resultado de visitante gracias a los goles de Jos\u00e9 Callej\u00f3n y Lorenzo Insigne.<\/p>\n<p style=\"text-align: center;\"><span style=\"color: #3366ff;\"><a style=\"color: #3366ff;\" href=\"https:\/\/www.futboltotal.com.mx\/2017\/08\/tigres-es-un-equipazo-miguel-piojo-herrera\/\">VER M\u00c1S: Tigres es un equipazo: \u2018Piojo\u2019 Herrera<\/a><\/span><\/p>\n<p><iframe loading=\"lazy\" src=\"https:\/\/www.youtube.com\/embed\/9mczuXRHQSg?feature=oembed\" frameborder=\"0\" allowfullscreen><\/iframe><\/p>\n<p>Asimismo, el <strong>Nice<\/strong> termin\u00f3 su sue\u00f1o en la <strong>Champions<\/strong>, pues ni con Wesley Sneijder y Mario Balotelli pudieron evitar ser eliminados, por lo que se conformar\u00e1n con la Europa League, mientras el Napoli va a la Fase de Grupos.<\/p>\n<p>Por su parte, el <strong>Sevilla<\/strong> tuvo un complicado partido en la vuelta, pues el Istanbul le pele\u00f3 al t\u00fa por t\u00fa y logr\u00f3 sacarle el empate en el Ram\u00f3n S\u00e1nchez Pizju\u00e1n. Fue el triunfo conseguido en Turqu\u00eda el que permiti\u00f3 avanzar a los andaluces, pues ganaron el global con marcador de 4-3.<\/p>\n<p style=\"text-align: center;\"><span style=\"color: #3366ff;\"><a style=\"color: #3366ff;\" href=\"https:\/\/www.futboltotal.com.mx\/2017\/08\/reportero-televisa-deportes-estaria-suspendido-culpa-nahima\/\">VER M\u00c1S: Reportero de Televisa Deportes estar\u00eda suspendido por culpa de Nahima<\/a><\/span><\/p>\n<p><iframe loading=\"lazy\" src=\"https:\/\/www.youtube.com\/embed\/OzRSzfnjXlY?feature=oembed\" frameborder=\"0\" allowfullscreen><\/iframe><\/p>\n","protected":false},"excerpt":{"rendered":"<p>Ambos equipos se metieron a la Fase de Grupos.<\/p>\n","protected":false},"author":129,"featured_media":495513,"comment_status":"closed","ping_status":"closed","sticky":false,"template":"","format":"standard","meta":[],"categories":[3839],"tags":[36,160,49],"_links":{"self":[{"href":"http:\/\/desarrollo.grupomedios.com\/futbol\/wp-json\/wp\/v2\/posts\/495480"}],"collection":[{"href":"http:\/\/desarrollo.grupomedios.com\/futbol\/wp-json\/wp\/v2\/posts"}],"about":[{"href":"http:\/\/desarrollo.grupomedios.com\/futbol\/wp-json\/wp\/v2\/types\/post"}],"author":[{"embeddable":true,"href":"http:\/\/desarrollo.grupomedios.com\/futbol\/wp-json\/wp\/v2\/users\/129"}],"replies":[{"embeddable":true,"href":"http:\/\/desarrollo.grupomedios.com\/futbol\/wp-json\/wp\/v2\/comments?post=495480"}],"version-history":[{"count":1,"href":"http:\/\/desarrollo.grupomedios.com\/futbol\/wp-json\/wp\/v2\/posts\/495480\/revisions"}],"predecessor-version":[{"id":495514,"href":"http:\/\/desarrollo.grupomedios.com\/futbol\/wp-json\/wp\/v2\/posts\/495480\/revisions\/495514"}],"wp:featuredmedia":[{"embeddable":true,"href":"http:\/\/desarrollo.grupomedios.com\/futbol\/wp-json\/wp\/v2\/media\/495513"}],"wp:attachment":[{"href":"http:\/\/desarrollo.grupomedios.com\/futbol\/wp-json\/wp\/v2\/media?parent=495480"}],"wp:term":[{"taxonomy":"category","embeddable":true,"href":"http:\/\/desarrollo.grupomedios.com\/futbol\/wp-json\/wp\/v2\/categories?post=495480"},{"taxonomy":"post_tag","embeddable":true,"href":"http:\/\/desarrollo.grupomedios.com\/futbol\/wp-json\/wp\/v2\/tags?post=495480"}],"curies":[{"name":"wp","href":"https:\/\/api.w.org\/{rel}","templated":true}]}}