{"id":495481,"date":"2017-08-22T14:59:06","date_gmt":"2017-08-22T19:59:06","guid":{"rendered":"https:\/\/www.futboltotal.com.mx\/?p=495481"},"modified":"2017-08-22T14:59:06","modified_gmt":"2017-08-22T19:59:06","slug":"confirman-suspension-cristiano-ronaldo-se-queja-en-redes","status":"publish","type":"post","link":"http:\/\/desarrollo.grupomedios.com\/futbol\/futbol-internacional\/confirman-suspension-cristiano-ronaldo-se-queja-en-redes\/2017\/08","title":{"rendered":"Confirman suspensi\u00f3n para Cristiano Ronaldo y se queja en redes"},"content":{"rendered":"<p>El\u00a0<strong>Tribunal Administrativo del Deporte<\/strong>\u00a0(TAD), confirm\u00f3 la sanci\u00f3n de 5 partidos para Cristiano Ronaldo, luego de su expulsi\u00f3n en la Supercopa de Espa\u00f1a.<\/p>\n<p>El Real Madrid hab\u00eda recurrido a la segunda amarilla, la cual consideraban injusta, para reducir al menos un partido la sanci\u00f3n del portugu\u00e9s; sin embargo no lo consiguieron.<\/p>\n<p style=\"text-align: center;\"><span style=\"color: #333399;\"><a style=\"color: #333399;\" href=\"https:\/\/www.futboltotal.com.mx\/2017\/08\/neymar-se-reencuentra-messi-suarez-pique-sale-trolleado\/\" target=\"_blank\" rel=\"noopener noreferrer\">VER M\u00c1S: Neymar se reencuentra con Messi y Luis Su\u00e1rez<\/a><\/span><\/p>\n<p>Por esta raz\u00f3n, Cristiano Ronaldo volvi\u00f3 a levantar la voz a trav\u00e9s de redes sociales;\u00a0<strong>&#8220;Otra decisi\u00f3n incomprensible. De injusticia en injusticia, nunca me derribar\u00e1n. Y como siempre, volver\u00e9 m\u00e1s fuerte que nunca. Gracias a todos los que me han apoyado&#8221;,\u00a0<\/strong>escribi\u00f3\u00a0el atacante merengue.<\/p>\n<blockquote class=\"twitter-tweet\" data-lang=\"es\">\n<p dir=\"ltr\" lang=\"pt\">Mais uma decis\u00e3o incompreens\u00edvel. Injusti\u00e7as que nunca me derrubar\u00e3o. E como sempre voltarei mais forte. Obrigado aos que me t\u00eam apoiado. <a href=\"https:\/\/t.co\/O7Et9A8Edp\">pic.twitter.com\/O7Et9A8Edp<\/a><\/p>\n<p>\u2014 Cristiano Ronaldo (@Cristiano) <a href=\"https:\/\/twitter.com\/Cristiano\/status\/900057507703525377\">22 de agosto de 2017<\/a><\/p><\/blockquote>\n<p><script async src=\"\/\/platform.twitter.com\/widgets.js\" charset=\"utf-8\"><\/script><\/p>\n<p style=\"text-align: center;\"><span style=\"color: #333399;\"><a style=\"color: #333399;\" href=\"https:\/\/www.futboltotal.com.mx\/2017\/08\/los-millones-champions-como-se-reparte-el-dinero-a-clubes\/\" target=\"_blank\" rel=\"noopener noreferrer\">VER M\u00c1S: Los millones de Champions League; \u00bfC\u00f3mo reparte el dinero a clubes?<\/a><\/span><\/p>\n<p>&nbsp;<\/p>\n<p>&nbsp;<\/p>\n","protected":false},"excerpt":{"rendered":"<p>El delantero volvi\u00f3 a levantar la voz<\/p>\n","protected":false},"author":20,"featured_media":493735,"comment_status":"closed","ping_status":"closed","sticky":false,"template":"","format":"standard","meta":[],"categories":[3839],"tags":[6013,5988,9868],"_links":{"self":[{"href":"http:\/\/desarrollo.grupomedios.com\/futbol\/wp-json\/wp\/v2\/posts\/495481"}],"collection":[{"href":"http:\/\/desarrollo.grupomedios.com\/futbol\/wp-json\/wp\/v2\/posts"}],"about":[{"href":"http:\/\/desarrollo.grupomedios.com\/futbol\/wp-json\/wp\/v2\/types\/post"}],"author":[{"embeddable":true,"href":"http:\/\/desarrollo.grupomedios.com\/futbol\/wp-json\/wp\/v2\/users\/20"}],"replies":[{"embeddable":true,"href":"http:\/\/desarrollo.grupomedios.com\/futbol\/wp-json\/wp\/v2\/comments?post=495481"}],"version-history":[{"count":1,"href":"http:\/\/desarrollo.grupomedios.com\/futbol\/wp-json\/wp\/v2\/posts\/495481\/revisions"}],"predecessor-version":[{"id":495490,"href":"http:\/\/desarrollo.grupomedios.com\/futbol\/wp-json\/wp\/v2\/posts\/495481\/revisions\/495490"}],"wp:featuredmedia":[{"embeddable":true,"href":"http:\/\/desarrollo.grupomedios.com\/futbol\/wp-json\/wp\/v2\/media\/493735"}],"wp:attachment":[{"href":"http:\/\/desarrollo.grupomedios.com\/futbol\/wp-json\/wp\/v2\/media?parent=495481"}],"wp:term":[{"taxonomy":"category","embeddable":true,"href":"http:\/\/desarrollo.grupomedios.com\/futbol\/wp-json\/wp\/v2\/categories?post=495481"},{"taxonomy":"post_tag","embeddable":true,"href":"http:\/\/desarrollo.grupomedios.com\/futbol\/wp-json\/wp\/v2\/tags?post=495481"}],"curies":[{"name":"wp","href":"https:\/\/api.w.org\/{rel}","templated":true}]}}