{"id":495493,"date":"2017-08-22T15:29:29","date_gmt":"2017-08-22T20:29:29","guid":{"rendered":"https:\/\/www.futboltotal.com.mx\/?p=495493"},"modified":"2017-08-22T15:29:29","modified_gmt":"2017-08-22T20:29:29","slug":"hijo-rafa-marquez-ya-entrena-atlas-sub-15","status":"publish","type":"post","link":"http:\/\/desarrollo.grupomedios.com\/futbol\/futbol-mexicano\/hijo-rafa-marquez-ya-entrena-atlas-sub-15\/2017\/08","title":{"rendered":"Hijo de Rafa M\u00e1rquez ya entrena con Atlas Sub-15"},"content":{"rendered":"<p><strong>Santiago M\u00e1rquez<\/strong>, hijo del defensa mexicano <strong>Rafa M\u00e1rquez<\/strong>, se encuentra entrenando con el cuadro de los Rojinegros del <strong>Atlas sub-15<\/strong>.<\/p>\n<p>Sin embargo, no juega como defensa central, sino que se desempe\u00f1a como extremo derecho, as\u00ed lo reporta <em>Mediotiempo<\/em>.<\/p>\n<p>&nbsp;<\/p>\n<p><strong>Isaac Moreno<\/strong> es el encargado de entrenar a la categor\u00eda y habl\u00f3 sobre el joven futbolista que lleva en sus espaldas un apellido importante par M\u00e9xico y Atlas.<\/p>\n<p style=\"text-align: center;\"><span style=\"color: #333399;\"><a style=\"color: #333399;\" href=\"https:\/\/www.futboltotal.com.mx\/2017\/08\/neymar-se-reencuentra-messi-suarez-pique-sale-trolleado\/\" target=\"_blank\" rel=\"noopener noreferrer\">VER M\u00c1S: Neymar se reencuentra con Messi y Luis Su\u00e1rez<\/a><\/span><\/p>\n<blockquote><p>\u201cFue una sorpresa cuando nos lo enviaron, no lo ten\u00edamos contemplado y siempre el apellido del pap\u00e1 genera una expectativa muy alta. Tenemos una grata sorpresa de que el muchacho tiene grandes condiciones. Ser\u00eda muy injusto compararlo con el pap\u00e1, pero tiene condiciones para competir&#8221;.<\/p><\/blockquote>\n<p>El peque\u00f1o Santiago de 14 a\u00f1os tiene caracter\u00edsticas muy distintas a las de Rafa, as\u00ed lo dice su entrenador.<\/p>\n<p>\u201cEs un jugador totalmente diferente (a su pap\u00e1), quiz\u00e1 comparten la calidad t\u00e9cnica, es muy t\u00e9cnico el muchacho, pero s\u00ed es diferente a Rafa. Platicamos su pap\u00e1 y yo con \u00e9l sobre que el apellido no pod\u00eda pesar en el club\u201d, agreg\u00f3.<\/p>\n<p>Por el momento no pudo ser registrado en la <strong>Liga MX<\/strong>, pues los registros ya estaban cerrados, sin embargo est\u00e1n tratando de darlo de alta para este mismo semestre.<\/p>\n<p style=\"text-align: center;\"><span style=\"color: #333399;\"><a style=\"color: #333399;\" href=\"https:\/\/www.futboltotal.com.mx\/2017\/08\/borussia-dortmund-pone-ultimatum-a-dembele\/\" target=\"_blank\" rel=\"noopener noreferrer\">VER M\u00c1S: Borussia Dortmund le pone ultim\u00e1tum a Demb\u00e9l\u00e9<\/a><\/span><\/p>\n<p>&nbsp;<\/p>\n","protected":false},"excerpt":{"rendered":"<p>Santiago juega como extremo derecho<\/p>\n","protected":false},"author":20,"featured_media":475685,"comment_status":"closed","ping_status":"closed","sticky":false,"template":"","format":"standard","meta":[],"categories":[2198],"tags":[5961,4358,9871],"_links":{"self":[{"href":"http:\/\/desarrollo.grupomedios.com\/futbol\/wp-json\/wp\/v2\/posts\/495493"}],"collection":[{"href":"http:\/\/desarrollo.grupomedios.com\/futbol\/wp-json\/wp\/v2\/posts"}],"about":[{"href":"http:\/\/desarrollo.grupomedios.com\/futbol\/wp-json\/wp\/v2\/types\/post"}],"author":[{"embeddable":true,"href":"http:\/\/desarrollo.grupomedios.com\/futbol\/wp-json\/wp\/v2\/users\/20"}],"replies":[{"embeddable":true,"href":"http:\/\/desarrollo.grupomedios.com\/futbol\/wp-json\/wp\/v2\/comments?post=495493"}],"version-history":[{"count":1,"href":"http:\/\/desarrollo.grupomedios.com\/futbol\/wp-json\/wp\/v2\/posts\/495493\/revisions"}],"predecessor-version":[{"id":495507,"href":"http:\/\/desarrollo.grupomedios.com\/futbol\/wp-json\/wp\/v2\/posts\/495493\/revisions\/495507"}],"wp:featuredmedia":[{"embeddable":true,"href":"http:\/\/desarrollo.grupomedios.com\/futbol\/wp-json\/wp\/v2\/media\/475685"}],"wp:attachment":[{"href":"http:\/\/desarrollo.grupomedios.com\/futbol\/wp-json\/wp\/v2\/media?parent=495493"}],"wp:term":[{"taxonomy":"category","embeddable":true,"href":"http:\/\/desarrollo.grupomedios.com\/futbol\/wp-json\/wp\/v2\/categories?post=495493"},{"taxonomy":"post_tag","embeddable":true,"href":"http:\/\/desarrollo.grupomedios.com\/futbol\/wp-json\/wp\/v2\/tags?post=495493"}],"curies":[{"name":"wp","href":"https:\/\/api.w.org\/{rel}","templated":true}]}}