{"id":495508,"date":"2017-08-22T15:45:17","date_gmt":"2017-08-22T20:45:17","guid":{"rendered":"https:\/\/www.futboltotal.com.mx\/?p=495508"},"modified":"2017-08-22T15:45:17","modified_gmt":"2017-08-22T20:45:17","slug":"kimi-raikkonen-renueva-con-ferrari","status":"publish","type":"post","link":"http:\/\/desarrollo.grupomedios.com\/futbol\/no-todo-es-futbol\/kimi-raikkonen-renueva-con-ferrari\/2017\/08","title":{"rendered":"Kimi Raikkonen renueva con Ferrari"},"content":{"rendered":"<p><strong>Kimi Raikkonen<\/strong>, piloto de<strong> F\u00f3rmula 1<\/strong>, renov\u00f3 un a\u00f1o m\u00e1s con <strong>Ferrari<\/strong>, as\u00ed lo revel\u00f3 la escuder\u00eda italiana en su cuenta oficial de <strong>Twitter<\/strong>, a trav\u00e9s de un comunicado.<\/p>\n<p>El &#8216;Iceman&#8217; correr\u00e1 un a\u00f1os m\u00e1s para el &#8216;Cavallino Rampante&#8217;, mientras que <strong>Sebastian Vettel<\/strong> a\u00fan no ha firmado su extensi\u00f3n de contrato con el equipo de <em>Maranello<\/em>.<\/p>\n<p>&nbsp;<\/p>\n<blockquote class=\"twitter-tweet\" data-lang=\"es\">\n<p dir=\"ltr\" lang=\"en\">Ferrari and Kimi Raikkonen still together for 2018. <a href=\"https:\/\/twitter.com\/hashtag\/Kimi7?src=hash\">#Kimi7<\/a> <a href=\"https:\/\/t.co\/Fme6Du34vT\">https:\/\/t.co\/Fme6Du34vT<\/a><\/p>\n<p>\u2014 Scuderia Ferrari (@ScuderiaFerrari) <a href=\"https:\/\/twitter.com\/ScuderiaFerrari\/status\/899941164798943234\">22 de agosto de 2017<\/a><\/p><\/blockquote>\n<p><script async src=\"\/\/platform.twitter.com\/widgets.js\" charset=\"utf-8\"><\/script><\/p>\n<p>Actualmente, el finland\u00e9s se ubica en la quinta posici\u00f3n de la clasificaci\u00f3n general con 116 unidades, mientras que <strong>Vettel<\/strong> es el amo y se\u00f1or con 202 puntos.<\/p>\n","protected":false},"excerpt":{"rendered":"<p>Raikkonene correr\u00e1 un a\u00f1os m\u00e1s para el Cavallino Rampante<\/p>\n","protected":false},"author":20,"featured_media":495509,"comment_status":"closed","ping_status":"closed","sticky":false,"template":"","format":"standard","meta":[],"categories":[5810,5418,6411],"tags":[1735,5493,9872,9873],"_links":{"self":[{"href":"http:\/\/desarrollo.grupomedios.com\/futbol\/wp-json\/wp\/v2\/posts\/495508"}],"collection":[{"href":"http:\/\/desarrollo.grupomedios.com\/futbol\/wp-json\/wp\/v2\/posts"}],"about":[{"href":"http:\/\/desarrollo.grupomedios.com\/futbol\/wp-json\/wp\/v2\/types\/post"}],"author":[{"embeddable":true,"href":"http:\/\/desarrollo.grupomedios.com\/futbol\/wp-json\/wp\/v2\/users\/20"}],"replies":[{"embeddable":true,"href":"http:\/\/desarrollo.grupomedios.com\/futbol\/wp-json\/wp\/v2\/comments?post=495508"}],"version-history":[{"count":1,"href":"http:\/\/desarrollo.grupomedios.com\/futbol\/wp-json\/wp\/v2\/posts\/495508\/revisions"}],"predecessor-version":[{"id":495510,"href":"http:\/\/desarrollo.grupomedios.com\/futbol\/wp-json\/wp\/v2\/posts\/495508\/revisions\/495510"}],"wp:featuredmedia":[{"embeddable":true,"href":"http:\/\/desarrollo.grupomedios.com\/futbol\/wp-json\/wp\/v2\/media\/495509"}],"wp:attachment":[{"href":"http:\/\/desarrollo.grupomedios.com\/futbol\/wp-json\/wp\/v2\/media?parent=495508"}],"wp:term":[{"taxonomy":"category","embeddable":true,"href":"http:\/\/desarrollo.grupomedios.com\/futbol\/wp-json\/wp\/v2\/categories?post=495508"},{"taxonomy":"post_tag","embeddable":true,"href":"http:\/\/desarrollo.grupomedios.com\/futbol\/wp-json\/wp\/v2\/tags?post=495508"}],"curies":[{"name":"wp","href":"https:\/\/api.w.org\/{rel}","templated":true}]}}