{"id":495549,"date":"2017-08-23T17:28:36","date_gmt":"2017-08-23T22:28:36","guid":{"rendered":"https:\/\/www.futboltotal.com.mx\/?p=495549"},"modified":"2017-08-23T21:56:07","modified_gmt":"2017-08-24T02:56:07","slug":"puebla-vs-leon-liga-mx-apertura-2017-minuto-a-minuto","status":"publish","type":"post","link":"http:\/\/desarrollo.grupomedios.com\/futbol\/futbol-mexicano\/puebla-vs-leon-liga-mx-apertura-2017-minuto-a-minuto\/2017\/08","title":{"rendered":"MINUTO A MINUTO | Puebla-Le\u00f3n, un enorme dominio del local"},"content":{"rendered":"<p>La <em>Franja<\/em> del <strong>Puebla<\/strong> recibe la visita de los <em>Esmeraldas<\/em> de <strong>Le\u00f3n<\/strong> en duelo de la fecha 6 del Torneo Apertura 2017 de la Liga Mx.<\/p>\n<div><iframe src=\"https:\/\/en-vivo.futboltotal.com.mx\/embed.php\/?id=236\" width=\"100%\" id=\"frame_minuto\"><\/iframe><\/div>\n<p>Puebla sac\u00f3 un triunfo de oro en la cancha del estadio Chivas, y ahora tratar\u00e1 de conseguir su primera victoria en casa.<\/p>\n<p>Los Esmeraldas han mostrado serios altibajos en el torneo, y Javier Torrente no ha encontrado estabilidad en el cuadro de &#8216;La Fiera&#8217;, por lo que una victoria podr\u00eda darle credibilidad.<\/p>\n<p>En el siglo XXI, Le\u00f3n no ha podido derrotar a Puebla en el estadio Cuauht\u00e9moc, por lo que parece una misi\u00f3n dif\u00edcil.<\/p>\n","protected":false},"excerpt":{"rendered":"<p>En el siglo XXI, los Esmeraldas nunca han podido derrotar a la Franja en el Cuauht\u00e9moc<\/p>\n","protected":false},"author":160,"featured_media":495858,"comment_status":"closed","ping_status":"closed","sticky":false,"template":"","format":"standard","meta":[],"categories":[2198,3845],"tags":[8357,5965,64,5969],"_links":{"self":[{"href":"http:\/\/desarrollo.grupomedios.com\/futbol\/wp-json\/wp\/v2\/posts\/495549"}],"collection":[{"href":"http:\/\/desarrollo.grupomedios.com\/futbol\/wp-json\/wp\/v2\/posts"}],"about":[{"href":"http:\/\/desarrollo.grupomedios.com\/futbol\/wp-json\/wp\/v2\/types\/post"}],"author":[{"embeddable":true,"href":"http:\/\/desarrollo.grupomedios.com\/futbol\/wp-json\/wp\/v2\/users\/160"}],"replies":[{"embeddable":true,"href":"http:\/\/desarrollo.grupomedios.com\/futbol\/wp-json\/wp\/v2\/comments?post=495549"}],"version-history":[{"count":2,"href":"http:\/\/desarrollo.grupomedios.com\/futbol\/wp-json\/wp\/v2\/posts\/495549\/revisions"}],"predecessor-version":[{"id":495846,"href":"http:\/\/desarrollo.grupomedios.com\/futbol\/wp-json\/wp\/v2\/posts\/495549\/revisions\/495846"}],"wp:featuredmedia":[{"embeddable":true,"href":"http:\/\/desarrollo.grupomedios.com\/futbol\/wp-json\/wp\/v2\/media\/495858"}],"wp:attachment":[{"href":"http:\/\/desarrollo.grupomedios.com\/futbol\/wp-json\/wp\/v2\/media?parent=495549"}],"wp:term":[{"taxonomy":"category","embeddable":true,"href":"http:\/\/desarrollo.grupomedios.com\/futbol\/wp-json\/wp\/v2\/categories?post=495549"},{"taxonomy":"post_tag","embeddable":true,"href":"http:\/\/desarrollo.grupomedios.com\/futbol\/wp-json\/wp\/v2\/tags?post=495549"}],"curies":[{"name":"wp","href":"https:\/\/api.w.org\/{rel}","templated":true}]}}