{"id":495585,"date":"2017-08-23T14:00:53","date_gmt":"2017-08-23T19:00:53","guid":{"rendered":"https:\/\/www.futboltotal.com.mx\/?p=495585"},"modified":"2017-08-23T17:52:40","modified_gmt":"2017-08-23T22:52:40","slug":"real-madrid-vs-fiorentina-trofeo-santiago-bernabeu-minuto-a-minuto","status":"publish","type":"post","link":"http:\/\/desarrollo.grupomedios.com\/futbol\/futbol-internacional\/real-madrid-vs-fiorentina-trofeo-santiago-bernabeu-minuto-a-minuto\/2017\/08","title":{"rendered":"MINUTO X MINUTO | Real Madrid 2-1 Fiorentina | Trofeo Santiago Bernab\u00e9u"},"content":{"rendered":"<p>El <strong>Real Madrid<\/strong> recibe la visita de la <strong>Fiorentina<\/strong> en el duelo donde estar\u00e1 en juego el Trofeo Santiago Bernab\u00e9u.<\/p>\n<iframe src=\"https:\/\/en-vivo.futboltotal.com.mx\/embed.php\/?id=240\" width=\"100%\" id=\"frame_minuto\"><\/iframe>\n<p>La escuadra madridista comenz\u00f3 con una victoria en cancha del Deportivo La Coru\u00f1a por 0-3, y ahora quiere darle una nueva alegr\u00eda a su afici\u00f3n.<\/p>\n<p>La Fiorentina fue vapuleada por el Inter de Mil\u00e1n en el primer juego de temporada en la Serie A, y no llega con la mejor cara para visitar el Santiago Bernab\u00e9u.<\/p>\n<p><strong>Cristiano Ronaldo<\/strong> si est\u00e1 contemplado por el entrenador Zinedine Zidane para ser parte desde el inicio del encuentro.<\/p>\n<p>&nbsp;<\/p>\n","protected":false},"excerpt":{"rendered":"<p>Los &#8216;merengues&#8217; enfrentar\u00e1n en el trofeo de su estadio a la escuadra italiana<\/p>\n","protected":false},"author":20,"featured_media":495811,"comment_status":"closed","ping_status":"closed","sticky":false,"template":"","format":"standard","meta":[],"categories":[3839,3844],"tags":[1053,5988,4222],"_links":{"self":[{"href":"http:\/\/desarrollo.grupomedios.com\/futbol\/wp-json\/wp\/v2\/posts\/495585"}],"collection":[{"href":"http:\/\/desarrollo.grupomedios.com\/futbol\/wp-json\/wp\/v2\/posts"}],"about":[{"href":"http:\/\/desarrollo.grupomedios.com\/futbol\/wp-json\/wp\/v2\/types\/post"}],"author":[{"embeddable":true,"href":"http:\/\/desarrollo.grupomedios.com\/futbol\/wp-json\/wp\/v2\/users\/20"}],"replies":[{"embeddable":true,"href":"http:\/\/desarrollo.grupomedios.com\/futbol\/wp-json\/wp\/v2\/comments?post=495585"}],"version-history":[{"count":5,"href":"http:\/\/desarrollo.grupomedios.com\/futbol\/wp-json\/wp\/v2\/posts\/495585\/revisions"}],"predecessor-version":[{"id":495834,"href":"http:\/\/desarrollo.grupomedios.com\/futbol\/wp-json\/wp\/v2\/posts\/495585\/revisions\/495834"}],"wp:featuredmedia":[{"embeddable":true,"href":"http:\/\/desarrollo.grupomedios.com\/futbol\/wp-json\/wp\/v2\/media\/495811"}],"wp:attachment":[{"href":"http:\/\/desarrollo.grupomedios.com\/futbol\/wp-json\/wp\/v2\/media?parent=495585"}],"wp:term":[{"taxonomy":"category","embeddable":true,"href":"http:\/\/desarrollo.grupomedios.com\/futbol\/wp-json\/wp\/v2\/categories?post=495585"},{"taxonomy":"post_tag","embeddable":true,"href":"http:\/\/desarrollo.grupomedios.com\/futbol\/wp-json\/wp\/v2\/tags?post=495585"}],"curies":[{"name":"wp","href":"https:\/\/api.w.org\/{rel}","templated":true}]}}