{"id":495601,"date":"2017-08-22T20:27:11","date_gmt":"2017-08-23T01:27:11","guid":{"rendered":"https:\/\/www.futboltotal.com.mx\/?p=495601"},"modified":"2017-08-22T20:27:11","modified_gmt":"2017-08-23T01:27:11","slug":"ay-joffre-pumas-deja-al-jugador-en-hotel","status":"publish","type":"post","link":"http:\/\/desarrollo.grupomedios.com\/futbol\/futbol-mexicano\/ay-joffre-pumas-deja-al-jugador-en-hotel\/2017\/08","title":{"rendered":"\u00a1Ay, Joffre! Pumas deja al jugador en el hotel"},"content":{"rendered":"<p>El delantero ecuatoriano <strong>Joffre Guerr\u00f3n<\/strong> vivi\u00f3 un momento inc\u00f3modo previo al duelo de Pumas contra Monarcas de este martes por la noche.<\/p>\n<p>El ariete auriazul baj\u00f3 tarde de su cuarto de hotel y el autob\u00fas que transport\u00f3 a los jugadores con rumbo a CU lo dej\u00f3.<\/p>\n<p style=\"text-align: center;\"><span style=\"color: #333399;\"><a style=\"color: #333399;\" href=\"https:\/\/www.futboltotal.com.mx\/2017\/08\/pumas-vs-morelia-liga-mx-apertura-2017-minuto-a-minuto\/\">VER M\u00c1S:\u00a0<span class=\"item-title\">MINUTO A MINUTO | Pumas vs Morelia | Apertura 2017 Liga Mx<\/span><\/a><\/span><\/p>\n<p>Guerr\u00f3n al percartarse de esto, corri\u00f3 para ver si lo alcanzaba pero fue imposible.<\/p>\n<p>Algunos aficionados al darse cuenta le gritaron algunas frases como &#8220;Corre Joffre, corre&#8221;, y fue motivo de algunas burlas por las personas que se percataron del suceso.<\/p>\n<blockquote class=\"twitter-video\" data-lang=\"es\">\n<p dir=\"ltr\" lang=\"es\">Cami\u00f3n de <a href=\"https:\/\/twitter.com\/PumasMX\">@PumasMX<\/a> deja a Joffre Guerr\u00f3n en el hotel de concentraci\u00f3n!! <a href=\"https:\/\/t.co\/EsIpwsOV0O\">pic.twitter.com\/EsIpwsOV0O<\/a><\/p>\n<p>\u2014 Futbolito en Casa (@futbolitoencasa) <a href=\"https:\/\/twitter.com\/futbolitoencasa\/status\/900145985543954432\">23 de agosto de 2017<\/a><\/p><\/blockquote>\n<p><script async src=\"\/\/platform.twitter.com\/widgets.js\" charset=\"utf-8\"><\/script><\/p>\n","protected":false},"excerpt":{"rendered":"<p>El jugador ecuatoriano baj\u00f3 tarde de su cuarto y no alcanz\u00f3 al autob\u00fas que va a CU<\/p>\n","protected":false},"author":20,"featured_media":495607,"comment_status":"closed","ping_status":"closed","sticky":false,"template":"","format":"standard","meta":[],"categories":[2198,3845],"tags":[8357,5967,74],"_links":{"self":[{"href":"http:\/\/desarrollo.grupomedios.com\/futbol\/wp-json\/wp\/v2\/posts\/495601"}],"collection":[{"href":"http:\/\/desarrollo.grupomedios.com\/futbol\/wp-json\/wp\/v2\/posts"}],"about":[{"href":"http:\/\/desarrollo.grupomedios.com\/futbol\/wp-json\/wp\/v2\/types\/post"}],"author":[{"embeddable":true,"href":"http:\/\/desarrollo.grupomedios.com\/futbol\/wp-json\/wp\/v2\/users\/20"}],"replies":[{"embeddable":true,"href":"http:\/\/desarrollo.grupomedios.com\/futbol\/wp-json\/wp\/v2\/comments?post=495601"}],"version-history":[{"count":1,"href":"http:\/\/desarrollo.grupomedios.com\/futbol\/wp-json\/wp\/v2\/posts\/495601\/revisions"}],"predecessor-version":[{"id":495608,"href":"http:\/\/desarrollo.grupomedios.com\/futbol\/wp-json\/wp\/v2\/posts\/495601\/revisions\/495608"}],"wp:featuredmedia":[{"embeddable":true,"href":"http:\/\/desarrollo.grupomedios.com\/futbol\/wp-json\/wp\/v2\/media\/495607"}],"wp:attachment":[{"href":"http:\/\/desarrollo.grupomedios.com\/futbol\/wp-json\/wp\/v2\/media?parent=495601"}],"wp:term":[{"taxonomy":"category","embeddable":true,"href":"http:\/\/desarrollo.grupomedios.com\/futbol\/wp-json\/wp\/v2\/categories?post=495601"},{"taxonomy":"post_tag","embeddable":true,"href":"http:\/\/desarrollo.grupomedios.com\/futbol\/wp-json\/wp\/v2\/tags?post=495601"}],"curies":[{"name":"wp","href":"https:\/\/api.w.org\/{rel}","templated":true}]}}