{"id":495657,"date":"2017-08-23T08:46:43","date_gmt":"2017-08-23T13:46:43","guid":{"rendered":"https:\/\/www.futboltotal.com.mx\/?p=495657"},"modified":"2017-08-23T08:46:43","modified_gmt":"2017-08-23T13:46:43","slug":"wayne-rooney-anuncia-retiro-la-seleccion-inglesa","status":"publish","type":"post","link":"http:\/\/desarrollo.grupomedios.com\/futbol\/futbol-internacional\/wayne-rooney-anuncia-retiro-la-seleccion-inglesa\/2017\/08","title":{"rendered":"Wayne Rooney anuncia su retiro&#8230; de la selecci\u00f3n inglesa"},"content":{"rendered":"<p>El delantero de <strong>Inglaterra<\/strong>, <strong>Wayne Rooney<\/strong>, anunci\u00f3 este mi\u00e9rcoles que se retira de su selecci\u00f3n, luego de rechazar una oferta para volver con la escuadra nacional.<\/p>\n<p>\u201cCreo que este es el momento apropiado para salirme. Siempre seguir\u00e9 siendo un fan\u00e1tico de la selecci\u00f3n inglesa\u201d, expres\u00f3 el futbolista del Everton en un comunicado.<\/p>\n<p>Rooney deja a su paso <strong>53 goles<\/strong> en <strong>119 partidos<\/strong> vistiendo la playera de Inglaterra, se retira a los 31 a\u00f1os.<\/p>\n<p style=\"text-align: center;\"><span style=\"color: #333399;\"><a style=\"color: #333399;\" href=\"https:\/\/www.futboltotal.com.mx\/2017\/08\/angel-di-maria-nuevo-fichaje-del-barcelona\/\" target=\"_blank\" rel=\"noopener noreferrer\">VER M\u00c1S: Barcelona anuncia a Di Mar\u00eda, pero fueron hackeados<\/a><\/span><\/p>\n<blockquote><p>\u201cFue fabuloso que <strong>Gareth Southgate<\/strong> me haya llamado esta semana para regresar al equipo para los pr\u00f3ximos encuentros, realmente lo aprecio. Sin embargo, tras ponderar el asunto por largo tiempo, le inform\u00e9 a Gareth que yo hab\u00eda decidido retirarme definitivamente del f\u00fatbol internacional\u201d.<\/p><\/blockquote>\n<p>\u201cEs una decisi\u00f3n sumamente dif\u00edcil, una decisi\u00f3n que debat\u00ed con mi familia, mi entrenador en <strong>Everton<\/strong> y las personas m\u00e1s cercanas a m\u00ed. Jugar para Inglaterra siempre ha sido algo especial para m\u00ed. Cada vez que me seleccionaban como jugador o como capit\u00e1n era un privilegio de verdad, y le agradezco a todos los que me ayudaron\u201d.<\/p>\n<p><iframe loading=\"lazy\" src=\"https:\/\/www.youtube.com\/embed\/mZoD2E4yL2s?feature=oembed\" frameborder=\"0\" allowfullscreen><\/iframe><\/p>\n<p style=\"text-align: center;\"><span style=\"color: #333399;\"><a style=\"color: #333399;\" href=\"https:\/\/www.futboltotal.com.mx\/2017\/08\/zlatan-revelo-que-hay-algo-que-admira-de-neymar\/\" target=\"_blank\" rel=\"noopener noreferrer\">VER M\u00c1S: Zlatan admira algo de Neymar \u00bfQu\u00e9 es?<\/a><\/span><\/p>\n","protected":false},"excerpt":{"rendered":"<p>El ingl\u00e9s anot\u00f3 53 goles con su selecci\u00f3n<\/p>\n","protected":false},"author":20,"featured_media":412703,"comment_status":"closed","ping_status":"closed","sticky":false,"template":"","format":"standard","meta":[],"categories":[3839],"tags":[603,6051],"_links":{"self":[{"href":"http:\/\/desarrollo.grupomedios.com\/futbol\/wp-json\/wp\/v2\/posts\/495657"}],"collection":[{"href":"http:\/\/desarrollo.grupomedios.com\/futbol\/wp-json\/wp\/v2\/posts"}],"about":[{"href":"http:\/\/desarrollo.grupomedios.com\/futbol\/wp-json\/wp\/v2\/types\/post"}],"author":[{"embeddable":true,"href":"http:\/\/desarrollo.grupomedios.com\/futbol\/wp-json\/wp\/v2\/users\/20"}],"replies":[{"embeddable":true,"href":"http:\/\/desarrollo.grupomedios.com\/futbol\/wp-json\/wp\/v2\/comments?post=495657"}],"version-history":[{"count":1,"href":"http:\/\/desarrollo.grupomedios.com\/futbol\/wp-json\/wp\/v2\/posts\/495657\/revisions"}],"predecessor-version":[{"id":495658,"href":"http:\/\/desarrollo.grupomedios.com\/futbol\/wp-json\/wp\/v2\/posts\/495657\/revisions\/495658"}],"wp:featuredmedia":[{"embeddable":true,"href":"http:\/\/desarrollo.grupomedios.com\/futbol\/wp-json\/wp\/v2\/media\/412703"}],"wp:attachment":[{"href":"http:\/\/desarrollo.grupomedios.com\/futbol\/wp-json\/wp\/v2\/media?parent=495657"}],"wp:term":[{"taxonomy":"category","embeddable":true,"href":"http:\/\/desarrollo.grupomedios.com\/futbol\/wp-json\/wp\/v2\/categories?post=495657"},{"taxonomy":"post_tag","embeddable":true,"href":"http:\/\/desarrollo.grupomedios.com\/futbol\/wp-json\/wp\/v2\/tags?post=495657"}],"curies":[{"name":"wp","href":"https:\/\/api.w.org\/{rel}","templated":true}]}}