{"id":495661,"date":"2017-08-23T09:15:21","date_gmt":"2017-08-23T14:15:21","guid":{"rendered":"https:\/\/www.futboltotal.com.mx\/?p=495661"},"modified":"2017-08-23T09:15:21","modified_gmt":"2017-08-23T14:15:21","slug":"brutal-agresion-arbitro-futbol-ecuador","status":"publish","type":"post","link":"http:\/\/desarrollo.grupomedios.com\/futbol\/cambio-de-juego\/brutal-agresion-arbitro-futbol-ecuador\/2017\/08","title":{"rendered":"Brutal agresi\u00f3n a \u00e1rbitro en el futbol de Ecuador"},"content":{"rendered":"<p>Las categor\u00edas inferiores del futbol de Ecuador registraron un lamentable incidente, luego de que\u00a0<strong>Jos\u00e9 Pita Pincay<\/strong>, parte del cuerpo t\u00e9cnico del equipo Sub 14 del <strong>Santa Rita<\/strong>, <strong>agrediera a un \u00e1rbitro<\/strong> durante el partido ante el <strong>Emelec<\/strong>.<\/p>\n<p><strong>Carlos Cervantes<\/strong>, cuarto \u00e1rbitro del duelo, fue la v\u00edctima de Pita Pincay, quien habr\u00eda actuado de esa manera como respuesta a presuntos insultos contra su madre.<\/p>\n<p>El agresor llev\u00f3 al suelo al silbante y, pese al apoyo de alguno presentes, no lo soltaba, por lo que tuvieron que llegar integrantes de ambos cuerpos t\u00e9cnicos para separarlos, adem\u00e1s que al percatarse Pita Pincay de que era grabado comenz\u00f3 a actuar como si estuviera tranquilo.<\/p>\n<p style=\"text-align: center;\"><a href=\"https:\/\/www.futboltotal.com.mx\/2017\/08\/los-mejores-memes-del-supuesto-fichaje-di-maria-barcelona\/\" target=\"_blank\" rel=\"noopener noreferrer\"><span style=\"color: #333399;\">VER M\u00c1S: Los mejores memes del supuesto fichaje de Di Mar\u00eda con Barcelona<\/span><\/a><\/p>\n<p>&nbsp;<\/p>\n<blockquote class=\"twitter-video\" data-lang=\"es\">\n<p dir=\"ltr\" lang=\"es\">Sub 14. <a href=\"https:\/\/twitter.com\/hashtag\/SantaRita?src=hash\">#SantaRita<\/a> vs <a href=\"https:\/\/twitter.com\/hashtag\/MushucRuna?src=hash\">#MushucRuna<\/a>. \u00a1Una verg\u00fcenza! \u00c1rbitros deciden no pitar el partido de primera <a href=\"https:\/\/twitter.com\/hashtag\/SerieB?src=hash\">#SerieB<\/a> entre ambos. <a href=\"https:\/\/t.co\/JT8VbqJOPL\">pic.twitter.com\/JT8VbqJOPL<\/a><\/p>\n<p>\u2014 Luis Alberto Otero H (@OteroLuis12) <a href=\"https:\/\/twitter.com\/OteroLuis12\/status\/899315393323577345\">20 de agosto de 2017<\/a><\/p><\/blockquote>\n<p><script async src=\"\/\/platform.twitter.com\/widgets.js\" charset=\"utf-8\"><\/script><\/p>\n<p>Luego de este acontecimiento, los \u00e1rbitros no se presentaron al resto de partidos en apoyo a Cervantes, adem\u00e1s de que\u00a0Luis Muentes, Presidente de la Asociaci\u00f3n de \u00c1rbitros de Ecuador, dio todo su apoyo al gremio arbitral por medio de un comunicado.<\/p>\n","protected":false},"excerpt":{"rendered":"<p>El acontecimiento sucedi\u00f3 durante un partido de categor\u00edas Sub 14.<\/p>\n","protected":false},"author":20,"featured_media":495662,"comment_status":"closed","ping_status":"closed","sticky":false,"template":"","format":"standard","meta":[],"categories":[5419],"tags":[5923,2365,9880,382,9877,9879,9878],"_links":{"self":[{"href":"http:\/\/desarrollo.grupomedios.com\/futbol\/wp-json\/wp\/v2\/posts\/495661"}],"collection":[{"href":"http:\/\/desarrollo.grupomedios.com\/futbol\/wp-json\/wp\/v2\/posts"}],"about":[{"href":"http:\/\/desarrollo.grupomedios.com\/futbol\/wp-json\/wp\/v2\/types\/post"}],"author":[{"embeddable":true,"href":"http:\/\/desarrollo.grupomedios.com\/futbol\/wp-json\/wp\/v2\/users\/20"}],"replies":[{"embeddable":true,"href":"http:\/\/desarrollo.grupomedios.com\/futbol\/wp-json\/wp\/v2\/comments?post=495661"}],"version-history":[{"count":1,"href":"http:\/\/desarrollo.grupomedios.com\/futbol\/wp-json\/wp\/v2\/posts\/495661\/revisions"}],"predecessor-version":[{"id":495666,"href":"http:\/\/desarrollo.grupomedios.com\/futbol\/wp-json\/wp\/v2\/posts\/495661\/revisions\/495666"}],"wp:featuredmedia":[{"embeddable":true,"href":"http:\/\/desarrollo.grupomedios.com\/futbol\/wp-json\/wp\/v2\/media\/495662"}],"wp:attachment":[{"href":"http:\/\/desarrollo.grupomedios.com\/futbol\/wp-json\/wp\/v2\/media?parent=495661"}],"wp:term":[{"taxonomy":"category","embeddable":true,"href":"http:\/\/desarrollo.grupomedios.com\/futbol\/wp-json\/wp\/v2\/categories?post=495661"},{"taxonomy":"post_tag","embeddable":true,"href":"http:\/\/desarrollo.grupomedios.com\/futbol\/wp-json\/wp\/v2\/tags?post=495661"}],"curies":[{"name":"wp","href":"https:\/\/api.w.org\/{rel}","templated":true}]}}