{"id":495703,"date":"2017-08-23T12:03:55","date_gmt":"2017-08-23T17:03:55","guid":{"rendered":"https:\/\/www.futboltotal.com.mx\/?p=495703"},"modified":"2017-08-23T12:03:55","modified_gmt":"2017-08-23T17:03:55","slug":"honda-compara-la-liga-mx-futbol-europeo","status":"publish","type":"post","link":"http:\/\/desarrollo.grupomedios.com\/futbol\/futbol-mexicano\/honda-compara-la-liga-mx-futbol-europeo\/2017\/08","title":{"rendered":"Honda compara la Liga MX con el futbol europeo"},"content":{"rendered":"<p>El japon\u00e9s <strong>Keisuke Honda<\/strong> debut\u00f3 con gol en el futbol mexicano en el <span style=\"color: #3366ff;\"><a style=\"color: #3366ff;\" href=\"https:\/\/www.futboltotal.com.mx\/2017\/08\/cronica-resultado-pachuca-4-1-veracruz-liga-mx\/\" target=\"_blank\" rel=\"noopener noreferrer\">duelo entre Pachuca y Veracruz <\/a><\/span>y ya tambi\u00e9n dio sus primeras impresiones tras lo que fue su primer duelo con los Tuzos.<\/p>\n<p><strong>Honda<\/strong> se mostr\u00f3 agradecido con el apoyo de la afici\u00f3n hidalguense y opin\u00f3 sobre el nivel y las caracter\u00edsticas de la Liga MX.<\/p>\n<p>&#8220;Jugu\u00e9 un largo tiempo en Europa y sent\u00ed el partido en un diferente estilo, pero no puedo decir cu\u00e1l es mejor. Por supuesto que Europa es el nivel m\u00e1s alto del mundo, pero la Liga Mexicana tiene bastante talento&#8221;, declar\u00f3 en conferencia de prensa.<\/p>\n<p style=\"text-align: center;\"><span style=\"color: #3366ff;\"><a style=\"color: #3366ff;\" href=\"https:\/\/www.futboltotal.com.mx\/2017\/08\/garcia-aspe-brailovsky-se-lanzan-contra-andre-marin\/\">VER M\u00c1S: Garc\u00eda Aspe y Brailovsky se lanzan contra Andr\u00e9 Mar\u00edn<\/a><\/span><\/p>\n<p>El mismo jugador asi\u00e1tico es consciente de lo que represent\u00f3 su fichaje por los <em>Tuzos<\/em>, por lo que espera responder a las expectativas con goles, talento y muestras de calidad individual.<\/p>\n<p>&#8220;No esperaba que tanta gente viniera aqu\u00ed, estoy muy agradecido con ellos y quisiera hacerlos venir de nueva cuenta, as\u00ed que tengo que jugar bien&#8221;, agreg\u00f3 <strong>Honda<\/strong> sobre los fan\u00e1ticos asi\u00e1ticos que le recibieron durante su debut en el balompi\u00e9 tricolor.<\/p>\n<p style=\"text-align: center;\"><span style=\"color: #3366ff;\"><a style=\"color: #3366ff;\" href=\"https:\/\/www.futboltotal.com.mx\/2017\/08\/hugo-sanchez-momento-regrese-a-pumas\/\">VER M\u00c1S: Hugo S\u00e1nchez: \u201cNo es momento para que regrese a Pumas\u201d<\/a><\/span><\/p>\n","protected":false},"excerpt":{"rendered":"<p>El jugador japon\u00e9s ya tuvo su debut.<\/p>\n","protected":false},"author":20,"featured_media":495706,"comment_status":"closed","ping_status":"closed","sticky":false,"template":"","format":"standard","meta":[],"categories":[2198,3845],"tags":[9489,64,5968],"_links":{"self":[{"href":"http:\/\/desarrollo.grupomedios.com\/futbol\/wp-json\/wp\/v2\/posts\/495703"}],"collection":[{"href":"http:\/\/desarrollo.grupomedios.com\/futbol\/wp-json\/wp\/v2\/posts"}],"about":[{"href":"http:\/\/desarrollo.grupomedios.com\/futbol\/wp-json\/wp\/v2\/types\/post"}],"author":[{"embeddable":true,"href":"http:\/\/desarrollo.grupomedios.com\/futbol\/wp-json\/wp\/v2\/users\/20"}],"replies":[{"embeddable":true,"href":"http:\/\/desarrollo.grupomedios.com\/futbol\/wp-json\/wp\/v2\/comments?post=495703"}],"version-history":[{"count":1,"href":"http:\/\/desarrollo.grupomedios.com\/futbol\/wp-json\/wp\/v2\/posts\/495703\/revisions"}],"predecessor-version":[{"id":495708,"href":"http:\/\/desarrollo.grupomedios.com\/futbol\/wp-json\/wp\/v2\/posts\/495703\/revisions\/495708"}],"wp:featuredmedia":[{"embeddable":true,"href":"http:\/\/desarrollo.grupomedios.com\/futbol\/wp-json\/wp\/v2\/media\/495706"}],"wp:attachment":[{"href":"http:\/\/desarrollo.grupomedios.com\/futbol\/wp-json\/wp\/v2\/media?parent=495703"}],"wp:term":[{"taxonomy":"category","embeddable":true,"href":"http:\/\/desarrollo.grupomedios.com\/futbol\/wp-json\/wp\/v2\/categories?post=495703"},{"taxonomy":"post_tag","embeddable":true,"href":"http:\/\/desarrollo.grupomedios.com\/futbol\/wp-json\/wp\/v2\/tags?post=495703"}],"curies":[{"name":"wp","href":"https:\/\/api.w.org\/{rel}","templated":true}]}}