{"id":495704,"date":"2017-08-23T12:03:48","date_gmt":"2017-08-23T17:03:48","guid":{"rendered":"https:\/\/www.futboltotal.com.mx\/?p=495704"},"modified":"2017-08-23T12:03:48","modified_gmt":"2017-08-23T17:03:48","slug":"la-ultima-vez-real-madrid-perdio-trofeo-santiago-bernabeu","status":"publish","type":"post","link":"http:\/\/desarrollo.grupomedios.com\/futbol\/futbol-internacional\/la-ultima-vez-real-madrid-perdio-trofeo-santiago-bernabeu\/2017\/08","title":{"rendered":"La \u00faltima vez que Real Madrid perdi\u00f3 el Trofeo Santiago Bernab\u00e9u"},"content":{"rendered":"<p>Este mi\u00e9rcoles el cuadro del <strong>Real Madrid<\/strong> vivir\u00e1 una nueva edici\u00f3n del trofeo <strong>Santiago Bernab\u00e9u<\/strong>, que se disputa desde 1979, y en esta ocasi\u00f3n lo har\u00e1 ante la<strong> Fiorentina<\/strong>.<\/p>\n<p>Sin embargo, desde hace 13 a\u00f1os el cuadro merengue no ha perdido el trofeo, el \u00faltimo en ganarle el torneo fueron los <strong>Pumas de Hugo S\u00e1nchez<\/strong> en 2004.<\/p>\n<p style=\"text-align: center;\"><span style=\"color: #333399;\"><a style=\"color: #333399;\" href=\"https:\/\/www.futboltotal.com.mx\/2017\/08\/barcelona-busca-a-manuel-lanzini-ante-negativa-coutinho\/\" target=\"_blank\" rel=\"noopener noreferrer\">VER M\u00c1S: Barcelona busca refuerzo en el West Ham\u00a0<\/a><\/span><\/p>\n<p>Un gol de<strong> Israel Castro<\/strong> le dio la gloria al cuadro universitario en el Santiago Bernab\u00e9u y desde ese a\u00f1o ning\u00fan otro equipo ha logrado arrebatarle el trofeo al club merengue.<\/p>\n<p><iframe loading=\"lazy\" src=\"https:\/\/www.youtube.com\/embed\/Wji-TH0LaxI?feature=oembed\" frameborder=\"0\" allowfullscreen><\/iframe><\/p>\n<p>Despu\u00e9s de ese a\u00f1o, han jugado equipos como; <strong>MLS Selection<\/strong> (2005), <strong>Anderlecht<\/strong> (2006), <strong>Partiz\u00e1n<\/strong> (2007), <strong>Sporting de Lisboa<\/strong> (2008), <strong>Rosenborg<\/strong> (2009), <strong>Pe\u00f1arol<\/strong> (2010), <strong>Galatasaray<\/strong> (2011), <strong>Pe\u00f1arol<\/strong> (2012), <strong>Al-Sadd<\/strong> (2013), <strong>Galatasaray<\/strong> (2015), <strong>Stade de Reims<\/strong> (2016) . En 2004 el trofeo no se disput\u00f3.<\/p>\n<p>Veremos si la Fiorentina logra romper esta racha que tiene el Real Madrid, quien para esta edici\u00f3n apelar\u00e1n al talento de <strong>Cristiano Ronaldo<\/strong>.<\/p>\n<p style=\"text-align: center;\"><span style=\"color: #333399;\"><a style=\"color: #333399;\" href=\"https:\/\/www.futboltotal.com.mx\/2017\/08\/sera-nuevo-orden-titulo-la-champions\/\" target=\"_blank\" rel=\"noopener noreferrer\">VER M\u00c1S: 4 equipos que podr\u00edan cambiar la historia y ganar la Champions League<\/a><\/span><\/p>\n<p>&nbsp;<\/p>\n","protected":false},"excerpt":{"rendered":"<p>Pumas venci\u00f3 a los merengues en el 2004<\/p>\n","protected":false},"author":20,"featured_media":495705,"comment_status":"closed","ping_status":"closed","sticky":false,"template":"","format":"standard","meta":[],"categories":[3839],"tags":[74,5988,901],"_links":{"self":[{"href":"http:\/\/desarrollo.grupomedios.com\/futbol\/wp-json\/wp\/v2\/posts\/495704"}],"collection":[{"href":"http:\/\/desarrollo.grupomedios.com\/futbol\/wp-json\/wp\/v2\/posts"}],"about":[{"href":"http:\/\/desarrollo.grupomedios.com\/futbol\/wp-json\/wp\/v2\/types\/post"}],"author":[{"embeddable":true,"href":"http:\/\/desarrollo.grupomedios.com\/futbol\/wp-json\/wp\/v2\/users\/20"}],"replies":[{"embeddable":true,"href":"http:\/\/desarrollo.grupomedios.com\/futbol\/wp-json\/wp\/v2\/comments?post=495704"}],"version-history":[{"count":1,"href":"http:\/\/desarrollo.grupomedios.com\/futbol\/wp-json\/wp\/v2\/posts\/495704\/revisions"}],"predecessor-version":[{"id":495707,"href":"http:\/\/desarrollo.grupomedios.com\/futbol\/wp-json\/wp\/v2\/posts\/495704\/revisions\/495707"}],"wp:featuredmedia":[{"embeddable":true,"href":"http:\/\/desarrollo.grupomedios.com\/futbol\/wp-json\/wp\/v2\/media\/495705"}],"wp:attachment":[{"href":"http:\/\/desarrollo.grupomedios.com\/futbol\/wp-json\/wp\/v2\/media?parent=495704"}],"wp:term":[{"taxonomy":"category","embeddable":true,"href":"http:\/\/desarrollo.grupomedios.com\/futbol\/wp-json\/wp\/v2\/categories?post=495704"},{"taxonomy":"post_tag","embeddable":true,"href":"http:\/\/desarrollo.grupomedios.com\/futbol\/wp-json\/wp\/v2\/tags?post=495704"}],"curies":[{"name":"wp","href":"https:\/\/api.w.org\/{rel}","templated":true}]}}