{"id":495761,"date":"2017-08-24T13:44:54","date_gmt":"2017-08-24T18:44:54","guid":{"rendered":"https:\/\/www.futboltotal.com.mx\/?p=495761"},"modified":"2017-08-24T13:44:34","modified_gmt":"2017-08-24T18:44:34","slug":"veracruz-pierde-gallese-fractura-en-dedo","status":"publish","type":"post","link":"http:\/\/desarrollo.grupomedios.com\/futbol\/futbol-mexicano\/veracruz-pierde-gallese-fractura-en-dedo\/2017\/08","title":{"rendered":"Veracruz pierde dos meses a Gallese por fractura en el dedo"},"content":{"rendered":"<p>El arquero de los<strong> Tiburones Rojos del Veracruz, Pedro Gallese<\/strong>, fue operado despu\u00e9s del encuentro que su equipo perdi\u00f3 4-1 ante los <strong>Tuzos del Pachuca<\/strong>, por una fractura expuesta en el dedo anular de la mano derecha.<\/p>\n<p style=\"text-align: center;\"><a href=\"https:\/\/www.futboltotal.com.mx\/2017\/08\/dimitar-berbatov-jugara-liga-desconocida\/\" target=\"_blank\" rel=\"noopener noreferrer\"><span style=\"color: #333399;\">VER M\u00c1S:\u00a0Dimitar Berbatov jugar\u00e1 en liga desconocida<\/span><\/a><\/p>\n<p>La lesi\u00f3n del guardameta peruano se suscit\u00f3 al minuto 31&#8242; tras un fogonazo del delantero <strong>Edson Puch<\/strong>, que rebot\u00f3 en el travesa\u00f1o y se impact\u00f3 en los dedos del cancerbero.<\/p>\n<p>&nbsp;<\/p>\n<blockquote class=\"twitter-tweet\" data-lang=\"es\">\n<p dir=\"ltr\" lang=\"es\">Nuestro portero, <a href=\"https:\/\/twitter.com\/pedrogallese\">@pedrogallese<\/a>, sufri\u00f3 una fractura en la mano derecha y est\u00e1 siendo operado.<\/p>\n<p>\u00a1<a href=\"https:\/\/twitter.com\/hashtag\/FuerzaGallese?src=hash\">#FuerzaGallese<\/a>, estamos contigo! <a href=\"https:\/\/t.co\/BJHNFD9Tmz\">pic.twitter.com\/BJHNFD9Tmz<\/a><\/p>\n<p>\u2014 Tiburones Rojos (@ClubTiburones) <a href=\"https:\/\/twitter.com\/ClubTiburones\/status\/900190035231866881\">23 de agosto de 2017<\/a><\/p><\/blockquote>\n<p><script async src=\"\/\/platform.twitter.com\/widgets.js\" charset=\"utf-8\"><\/script><\/p>\n<p style=\"text-align: center;\"><a href=\"https:\/\/www.futboltotal.com.mx\/2017\/08\/sparring-mcgregor-lo-reta-olvides-traer-tus-pelotas\/\" target=\"_blank\" rel=\"noopener noreferrer\"><span style=\"color: #333399;\">VER M\u00c1S:\u00a0El sparring de McGregor lo reta: \u201cNo olvides traer tus pelotas\u201d<\/span><\/a><\/p>\n<p>&nbsp;<\/p>\n<p>&nbsp;<\/p>\n<p>Este jueves, <strong>Juan Jos\u00e9 P\u00e9rez<\/strong>, doctor del <strong>Veracruz<\/strong>, \u00a0detall\u00f3 que no podr\u00e1n contar con su arquero por un lago tiempo tras ser intervenido por una luxaci\u00f3n expuesta.<\/p>\n<blockquote><p>&#8220;Fue una luxaci\u00f3n expuesta de la segunda falange del dedo \u00edndica de la mano derecha, esto se dio debido a que el bal\u00f3n pega en el poste y rebota en el dedo de Pedro, llevaba mucha potencia el disparo de Puch&#8221;.<\/p>\n<p>&#8220;Sabemos lo importante que es Pedro para el club como para su selecci\u00f3n, trataremos de recuperarlo lo antes posible, el tiempo de recuperaci\u00f3n es de dos meses por lo que est\u00e1 fuera del torneo&#8221;.<\/p><\/blockquote>\n<p>&nbsp;<\/p>\n<blockquote class=\"twitter-tweet\" data-lang=\"es\">\n<p dir=\"ltr\" lang=\"es\">Nuestro Jefe de Servicios M\u00e9dicos <a href=\"https:\/\/twitter.com\/docjuanp\">@docjuanp<\/a> en conferencia de prensa <a href=\"https:\/\/t.co\/fAjueLQFS0\">https:\/\/t.co\/fAjueLQFS0<\/a><\/p>\n<p>\u2014 Tiburones Rojos (@ClubTiburones) <a href=\"https:\/\/twitter.com\/ClubTiburones\/status\/900768786067881984\">24 de agosto de 2017<\/a><\/p><\/blockquote>\n<p><script async src=\"\/\/platform.twitter.com\/widgets.js\" charset=\"utf-8\"><\/script><\/p>\n","protected":false},"excerpt":{"rendered":"<p>Veracruz perder\u00e1 a Gallese por al menos dos meses<\/p>\n","protected":false},"author":20,"featured_media":495762,"comment_status":"closed","ping_status":"closed","sticky":false,"template":"","format":"standard","meta":[],"categories":[2198,3845],"tags":[7204,298,6049],"_links":{"self":[{"href":"http:\/\/desarrollo.grupomedios.com\/futbol\/wp-json\/wp\/v2\/posts\/495761"}],"collection":[{"href":"http:\/\/desarrollo.grupomedios.com\/futbol\/wp-json\/wp\/v2\/posts"}],"about":[{"href":"http:\/\/desarrollo.grupomedios.com\/futbol\/wp-json\/wp\/v2\/types\/post"}],"author":[{"embeddable":true,"href":"http:\/\/desarrollo.grupomedios.com\/futbol\/wp-json\/wp\/v2\/users\/20"}],"replies":[{"embeddable":true,"href":"http:\/\/desarrollo.grupomedios.com\/futbol\/wp-json\/wp\/v2\/comments?post=495761"}],"version-history":[{"count":4,"href":"http:\/\/desarrollo.grupomedios.com\/futbol\/wp-json\/wp\/v2\/posts\/495761\/revisions"}],"predecessor-version":[{"id":495995,"href":"http:\/\/desarrollo.grupomedios.com\/futbol\/wp-json\/wp\/v2\/posts\/495761\/revisions\/495995"}],"wp:featuredmedia":[{"embeddable":true,"href":"http:\/\/desarrollo.grupomedios.com\/futbol\/wp-json\/wp\/v2\/media\/495762"}],"wp:attachment":[{"href":"http:\/\/desarrollo.grupomedios.com\/futbol\/wp-json\/wp\/v2\/media?parent=495761"}],"wp:term":[{"taxonomy":"category","embeddable":true,"href":"http:\/\/desarrollo.grupomedios.com\/futbol\/wp-json\/wp\/v2\/categories?post=495761"},{"taxonomy":"post_tag","embeddable":true,"href":"http:\/\/desarrollo.grupomedios.com\/futbol\/wp-json\/wp\/v2\/tags?post=495761"}],"curies":[{"name":"wp","href":"https:\/\/api.w.org\/{rel}","templated":true}]}}