{"id":495782,"date":"2017-08-23T16:19:57","date_gmt":"2017-08-23T21:19:57","guid":{"rendered":"https:\/\/www.futboltotal.com.mx\/?p=495782"},"modified":"2017-08-23T17:00:18","modified_gmt":"2017-08-23T22:00:18","slug":"daniella-chavez-rompe-record-e-incendia-las-redes","status":"publish","type":"post","link":"http:\/\/desarrollo.grupomedios.com\/futbol\/galerias\/daniella-chavez-rompe-record-e-incendia-las-redes\/2017\/08","title":{"rendered":"Daniella Ch\u00e1vez rompe r\u00e9cord e incendia las redes"},"content":{"rendered":"<p><strong>Daniella Ch\u00e1vez<\/strong> lo volvi\u00f3 a hacer e incendi\u00f3 de nueva cuenta las redes sociales al presumir el nuevo r\u00e9cord que logr\u00f3 en su cuenta de Instagram.<\/p>\n<p>La modelo chilena subi\u00f3 a su cuenta de Twitter una imagen donde se ve que un video suyo en Instagram rebas\u00f3 el mill\u00f3n de reproducciones. Esto lo hizo fiel a su costumbre al mostrar su belleza con sus seguidores.<\/p>\n<p>\u201cNuevo r\u00e9cord para mi Instagram, este video ya super\u00f3 el mill\u00f3n de reproducciones! gracias\u201d, escribi\u00f3 la modelo respecto a un video que comparti\u00f3 el 21 de julio.<\/p>\n<p style=\"text-align: center;\"><span style=\"color: #3366ff;\"><a style=\"color: #3366ff;\" href=\"https:\/\/www.futboltotal.com.mx\/2017\/08\/francisco-palencia-fuera-de-los-pumas\/\">VER M\u00c1S_ Francisco Palencia, fuera de los Pumas<\/a><\/span><\/p>\n<p>https:\/\/twitter.com\/daniellachavezc\/status\/900124241940688896<\/p>\n<p>En la publicaci\u00f3n en Instagram, Daniella Ch\u00e1vez aparece tan s\u00f3lo con unas medias de red negras y sus manos cubriendo sus encantos, mientras realiza un sexy baile.<\/p>\n<blockquote class=\"instagram-media\" style=\"background: #FFF; border: 0; border-radius: 3px; box-shadow: 0 0 1px 0 rgba(0,0,0,0.5),0 1px 10px 0 rgba(0,0,0,0.15); margin: 1px; max-width: 658px; padding: 0; width: calc(100% - 2px);\" data-instgrm-captioned=\"\" data-instgrm-version=\"7\">\n<div style=\"padding: 8px;\">\n<div style=\"background: #F8F8F8; line-height: 0; margin-top: 40px; padding: 62.5% 0; text-align: center; width: 100%;\"><\/div>\n<p style=\"margin: 8px 0 0 0; padding: 0 4px;\"><a style=\"color: #000; font-family: Arial,sans-serif; font-size: 14px; font-style: normal; font-weight: normal; line-height: 17px; text-decoration: none; word-wrap: break-word;\" href=\"https:\/\/www.instagram.com\/p\/BW1GfHuBvTO\/\" target=\"_blank\" rel=\"noopener noreferrer\">Backstage de mi sesi\u00f3n de fotos de hoy&#x1f60d;Miles de veces me cuestion\u00e9 mi trabajo, hasta pens\u00e9 en cambiar mi perfil, pero siempre era por qu\u00e9 prestaba atenci\u00f3n al qu\u00e9 dir\u00e1n, pero desde hoy comienzo la lucha,esa lucha en la cual la mujer debe ser respetada les guste o no les guste su trabajo, esa mujer que debe ser respetada si viste con poca ropa o se saca fotos desnuda, toda mujer merece respeto y sobre todo de nuestros pares, no hay trabajo que averg\u00fcence, solo hay mentes mediocres que hasta altura de la vida dan verg\u00fcenza su forma de pensar!&#x1f497;Vivan las Mujeres que hacen lo que quieren y respetan al resto!&#x1f430;Soy Conejita Playboy y no voy a cambiar por lo que dice una sociedad machista!&#x1f644;&#x1f60b; #3M #followers #happy #sexy #playmate #bunny #playboy<\/a><\/p>\n<p style=\"color: #c9c8cd; font-family: Arial,sans-serif; font-size: 14px; line-height: 17px; margin-bottom: 0; margin-top: 8px; overflow: hidden; padding: 8px 0 7px; text-align: center; text-overflow: ellipsis; white-space: nowrap;\">A post shared by Daniella Ch\u00e1vez (@daniellachavezofficial) on <time style=\"font-family: Arial,sans-serif; font-size: 14px; line-height: 17px;\" datetime=\"2017-07-22T01:03:21+00:00\">Jul 21, 2017 at 6:03pm PDT<\/time><\/p>\n<\/div>\n<\/blockquote>\n<p><script async defer src=\"\/\/platform.instagram.com\/en_US\/embeds.js\"><\/script><\/p>\n","protected":false},"excerpt":{"rendered":"<p>La modelo presumi\u00f3 su r\u00e9cord alcanzado en Instagram,<\/p>\n","protected":false},"author":20,"featured_media":408405,"comment_status":"closed","ping_status":"closed","sticky":false,"template":"","format":"standard","meta":[],"categories":[5419,3],"tags":[5460,2033,8269],"_links":{"self":[{"href":"http:\/\/desarrollo.grupomedios.com\/futbol\/wp-json\/wp\/v2\/posts\/495782"}],"collection":[{"href":"http:\/\/desarrollo.grupomedios.com\/futbol\/wp-json\/wp\/v2\/posts"}],"about":[{"href":"http:\/\/desarrollo.grupomedios.com\/futbol\/wp-json\/wp\/v2\/types\/post"}],"author":[{"embeddable":true,"href":"http:\/\/desarrollo.grupomedios.com\/futbol\/wp-json\/wp\/v2\/users\/20"}],"replies":[{"embeddable":true,"href":"http:\/\/desarrollo.grupomedios.com\/futbol\/wp-json\/wp\/v2\/comments?post=495782"}],"version-history":[{"count":1,"href":"http:\/\/desarrollo.grupomedios.com\/futbol\/wp-json\/wp\/v2\/posts\/495782\/revisions"}],"predecessor-version":[{"id":495799,"href":"http:\/\/desarrollo.grupomedios.com\/futbol\/wp-json\/wp\/v2\/posts\/495782\/revisions\/495799"}],"wp:featuredmedia":[{"embeddable":true,"href":"http:\/\/desarrollo.grupomedios.com\/futbol\/wp-json\/wp\/v2\/media\/408405"}],"wp:attachment":[{"href":"http:\/\/desarrollo.grupomedios.com\/futbol\/wp-json\/wp\/v2\/media?parent=495782"}],"wp:term":[{"taxonomy":"category","embeddable":true,"href":"http:\/\/desarrollo.grupomedios.com\/futbol\/wp-json\/wp\/v2\/categories?post=495782"},{"taxonomy":"post_tag","embeddable":true,"href":"http:\/\/desarrollo.grupomedios.com\/futbol\/wp-json\/wp\/v2\/tags?post=495782"}],"curies":[{"name":"wp","href":"https:\/\/api.w.org\/{rel}","templated":true}]}}