{"id":495821,"date":"2017-08-23T17:51:20","date_gmt":"2017-08-23T22:51:20","guid":{"rendered":"https:\/\/www.futboltotal.com.mx\/?p=495821"},"modified":"2017-08-23T17:53:25","modified_gmt":"2017-08-23T22:53:25","slug":"real-madrid-cumplio-se-quedo-trofeo-santiago-bernabeu","status":"publish","type":"post","link":"http:\/\/desarrollo.grupomedios.com\/futbol\/futbol-internacional\/real-madrid-cumplio-se-quedo-trofeo-santiago-bernabeu\/2017\/08","title":{"rendered":"Real Madrid cumpli\u00f3 y se qued\u00f3 con el trofeo Santiago Bernab\u00e9u"},"content":{"rendered":"<p>El <strong>Real Madrid<\/strong> se present\u00f3 ante su p\u00fablico en casa y se llev\u00f3 el <strong>trofeo Santiago Bernab\u00e9u<\/strong> luego de vencer con marcador de 2-1 a la <strong>Fiorentina<\/strong> de Italia.<\/p>\n<blockquote class=\"twitter-tweet\" data-width=\"500\">\n<p lang=\"de\" dir=\"ltr\">FT: <a href=\"https:\/\/twitter.com\/hashtag\/RealMadrid?src=hash\">#RealMadrid<\/a> 2-1 <a href=\"https:\/\/twitter.com\/acffiorentina\">@acffiorentina<\/a> (Veretout 4&#39;; <a href=\"https:\/\/twitter.com\/Mayoral_Borja\">@Mayoral_Borja<\/a> 7&#39;; <a href=\"https:\/\/twitter.com\/Cristiano\">@Cristiano<\/a> 33&#39;). <a href=\"https:\/\/twitter.com\/hashtag\/HalaMadrid?src=hash\">#HalaMadrid<\/a> <a href=\"https:\/\/t.co\/jfI0vWpDT5\">pic.twitter.com\/jfI0vWpDT5<\/a><\/p>\n<p>&mdash; Real Madrid C.F. (@realmadrid) <a href=\"https:\/\/twitter.com\/realmadrid\/status\/900487661361803265\">August 23, 2017<\/a><\/p><\/blockquote>\n<p><script async src=\"\/\/platform.twitter.com\/widgets.js\" charset=\"utf-8\"><\/script><\/p>\n<p>La Supercopa de Espa\u00f1a retras\u00f3 la presentaci\u00f3n de los <em>Merengues<\/em> en casa y tuvieron que jugar el partido con la liga ya iniciada, por lo que Zinedine Zidane decidi\u00f3 mandar un cuadro alterno con <strong>Cristiano Ronaldo<\/strong> como figura por su suspensi\u00f3n.<\/p>\n<p style=\"text-align: center;\"><span style=\"color: #3366ff;\"><a style=\"color: #3366ff;\" href=\"https:\/\/www.futboltotal.com.mx\/2017\/08\/francisco-palencia-fuera-de-los-pumas\/\">VER M\u00c1S: Francisco Palencia, fuera de los Pumas<\/a><\/span><\/p>\n<p>El conjunto italiano se fue arriba en el marcador con apenas cuatro minutos gracias a un gol de Veretout. Pero apenas segu\u00edan con el festejo y Cristiano habilit\u00f3 al joven Borja Mayoral para marcar el empate al 7&#8242;.<\/p>\n<blockquote class=\"twitter-video\" data-lang=\"es\">\n<p dir=\"ltr\" lang=\"und\">&#x1f4fa;&#x1f440; 7&#8242; \u00a1G\u26bd\ufe0fL de <a href=\"https:\/\/twitter.com\/Mayoral_Borja\">@Mayoral_Borja<\/a>! <a href=\"https:\/\/twitter.com\/hashtag\/HalaMadrid?src=hash\">#HalaMadrid<\/a> <a href=\"https:\/\/t.co\/AH20t0VhhF\">pic.twitter.com\/AH20t0VhhF<\/a><\/p>\n<p>\u2014 Real Madrid C.F. (@realmadrid) <a href=\"https:\/\/twitter.com\/realmadrid\/status\/900462362230235136\">23 de agosto de 2017<\/a><\/p><\/blockquote>\n<p><script async src=\"\/\/platform.twitter.com\/widgets.js\" charset=\"utf-8\"><\/script><\/p>\n<p>El <strong>Real Madrid<\/strong> se hizo due\u00f1o del bal\u00f3n pero fue la Fiorentina quien puso a trabajar a Kiko Casilla, hoy suplente de Keylor Navas.<\/p>\n<p>La historia de los Merengues se repiti\u00f3 y Cristiano Ronaldo marc\u00f3 el segundo gol del partido. Una jugada similar a la que realiz\u00f3 en Barcelona, con un enganche al centro y disparo cruzado al \u00e1ngulo.<\/p>\n<blockquote class=\"twitter-video\" data-lang=\"es\">\n<p dir=\"ltr\" lang=\"it\">\u26bd\ufe0f&#x1f525; 33&#8242; GOLAZOOOO by <a href=\"https:\/\/twitter.com\/Cristiano\">@Cristiano<\/a>!!!<a href=\"https:\/\/twitter.com\/hashtag\/RealMadrid?src=hash\">#RealMadrid<\/a> 2-1 <a href=\"https:\/\/twitter.com\/acffiorentina\">@acffiorentina<\/a><a href=\"https:\/\/twitter.com\/hashtag\/HalaMadrid?src=hash\">#HalaMadrid<\/a> <a href=\"https:\/\/t.co\/uXHbxiKjN3\">pic.twitter.com\/uXHbxiKjN3<\/a><\/p>\n<p>\u2014 Real Madrid C.F.&#x1f1ec;&#x1f1e7; (@realmadriden) <a href=\"https:\/\/twitter.com\/realmadriden\/status\/900468946461175808\">23 de agosto de 2017<\/a><\/p><\/blockquote>\n<p><script async src=\"\/\/platform.twitter.com\/widgets.js\" charset=\"utf-8\"><\/script><\/p>\n","protected":false},"excerpt":{"rendered":"<p>Cristiano jug\u00f3 y dio el triunfo a los Merengues.<\/p>\n","protected":false},"author":129,"featured_media":495831,"comment_status":"closed","ping_status":"closed","sticky":false,"template":"","format":"standard","meta":[],"categories":[3839,3844],"tags":[1053,5988,901],"_links":{"self":[{"href":"http:\/\/desarrollo.grupomedios.com\/futbol\/wp-json\/wp\/v2\/posts\/495821"}],"collection":[{"href":"http:\/\/desarrollo.grupomedios.com\/futbol\/wp-json\/wp\/v2\/posts"}],"about":[{"href":"http:\/\/desarrollo.grupomedios.com\/futbol\/wp-json\/wp\/v2\/types\/post"}],"author":[{"embeddable":true,"href":"http:\/\/desarrollo.grupomedios.com\/futbol\/wp-json\/wp\/v2\/users\/129"}],"replies":[{"embeddable":true,"href":"http:\/\/desarrollo.grupomedios.com\/futbol\/wp-json\/wp\/v2\/comments?post=495821"}],"version-history":[{"count":2,"href":"http:\/\/desarrollo.grupomedios.com\/futbol\/wp-json\/wp\/v2\/posts\/495821\/revisions"}],"predecessor-version":[{"id":495833,"href":"http:\/\/desarrollo.grupomedios.com\/futbol\/wp-json\/wp\/v2\/posts\/495821\/revisions\/495833"}],"wp:featuredmedia":[{"embeddable":true,"href":"http:\/\/desarrollo.grupomedios.com\/futbol\/wp-json\/wp\/v2\/media\/495831"}],"wp:attachment":[{"href":"http:\/\/desarrollo.grupomedios.com\/futbol\/wp-json\/wp\/v2\/media?parent=495821"}],"wp:term":[{"taxonomy":"category","embeddable":true,"href":"http:\/\/desarrollo.grupomedios.com\/futbol\/wp-json\/wp\/v2\/categories?post=495821"},{"taxonomy":"post_tag","embeddable":true,"href":"http:\/\/desarrollo.grupomedios.com\/futbol\/wp-json\/wp\/v2\/tags?post=495821"}],"curies":[{"name":"wp","href":"https:\/\/api.w.org\/{rel}","templated":true}]}}