{"id":495944,"date":"2017-08-24T11:32:57","date_gmt":"2017-08-24T16:32:57","guid":{"rendered":"https:\/\/www.futboltotal.com.mx\/?p=495944"},"modified":"2017-08-24T11:32:57","modified_gmt":"2017-08-24T16:32:57","slug":"buffon-mejor-portero-champions-2016-2017","status":"publish","type":"post","link":"http:\/\/desarrollo.grupomedios.com\/futbol\/futbol-internacional\/buffon-mejor-portero-champions-2016-2017\/2017\/08","title":{"rendered":"Buffon, elegiado mejor portero de la Champions 2016-2017"},"content":{"rendered":"<p class=\"DETALLE_N_titulo \"><span id=\"ctl14_lblMostra\">El italiano <strong>Gianluigi Buffon<\/strong> obtuvo el premio como mejor portero de la pasada temporada de la <strong>Champions League,<\/strong> galard\u00f3n al que optaba junto al meta del <strong>Bayern M\u00fanich,<\/strong> <strong>Manuel Neuer<\/strong> y el esloveno del <strong>Atl\u00e9tico Madrid,<\/strong> <strong>Jan Oblack<\/strong>.<\/p>\n<p>Las espectaculares paradas del capit\u00e1n italiano inundaron las pantallas del escenario del Forum Grimaldi, donde Buffon subi\u00f3 esta tarde a recoger la distinci\u00f3n tras completar una gran temporada que incluye un tercer doblete en Italian con su equipo, el <strong>Juventus,<\/strong> y el subcampeonato de la Liga de Campeones.<\/span><\/p>\n<p class=\"DETALLE_N_titulo \" style=\"text-align: center;\"><span id=\"ctl14_lblMostra\"><a href=\"https:\/\/www.futboltotal.com.mx\/2017\/08\/barcelona-ya-tendria-acuerdo-dembele\/\" target=\"_blank\" rel=\"noopener noreferrer\"><span style=\"color: #333399;\">VER M\u00c1S: Barcelona ya tendr\u00eda acuerdo con Demb\u00e9l\u00e9<\/span><\/a><\/span><\/p>\n<p class=\"DETALLE_N_titulo \"><span id=\"ctl14_lblMostra\">Pese a encajar cuatro goles ante el <strong>Real Madrid<\/strong> en la final (1-4), el 3 de junio en Cardiff, el italiano mantuvo la porter\u00eda de su equipo a cero en 9 de los 12 partidos de la Liga de Campeones.<\/p>\n<p>Sus actuaciones ante el <strong>Lyon<\/strong>, el <strong>Barcelona<\/strong> y el <strong>M\u00f3naco<\/strong> facilitaron el camino de su equipo hasta la final.<\/span><\/p>\n<div id=\"texto\" class=\"texto_txt\"><\/div>\n","protected":false},"excerpt":{"rendered":"<p>El veterano portero de la Juventus sum\u00f3 otro galard\u00f3n en su carrera.<\/p>\n","protected":false},"author":144,"featured_media":495945,"comment_status":"closed","ping_status":"closed","sticky":false,"template":"","format":"standard","meta":[],"categories":[3841,3839],"tags":[9896,6027,9895],"_links":{"self":[{"href":"http:\/\/desarrollo.grupomedios.com\/futbol\/wp-json\/wp\/v2\/posts\/495944"}],"collection":[{"href":"http:\/\/desarrollo.grupomedios.com\/futbol\/wp-json\/wp\/v2\/posts"}],"about":[{"href":"http:\/\/desarrollo.grupomedios.com\/futbol\/wp-json\/wp\/v2\/types\/post"}],"author":[{"embeddable":true,"href":"http:\/\/desarrollo.grupomedios.com\/futbol\/wp-json\/wp\/v2\/users\/144"}],"replies":[{"embeddable":true,"href":"http:\/\/desarrollo.grupomedios.com\/futbol\/wp-json\/wp\/v2\/comments?post=495944"}],"version-history":[{"count":1,"href":"http:\/\/desarrollo.grupomedios.com\/futbol\/wp-json\/wp\/v2\/posts\/495944\/revisions"}],"predecessor-version":[{"id":495946,"href":"http:\/\/desarrollo.grupomedios.com\/futbol\/wp-json\/wp\/v2\/posts\/495944\/revisions\/495946"}],"wp:featuredmedia":[{"embeddable":true,"href":"http:\/\/desarrollo.grupomedios.com\/futbol\/wp-json\/wp\/v2\/media\/495945"}],"wp:attachment":[{"href":"http:\/\/desarrollo.grupomedios.com\/futbol\/wp-json\/wp\/v2\/media?parent=495944"}],"wp:term":[{"taxonomy":"category","embeddable":true,"href":"http:\/\/desarrollo.grupomedios.com\/futbol\/wp-json\/wp\/v2\/categories?post=495944"},{"taxonomy":"post_tag","embeddable":true,"href":"http:\/\/desarrollo.grupomedios.com\/futbol\/wp-json\/wp\/v2\/tags?post=495944"}],"curies":[{"name":"wp","href":"https:\/\/api.w.org\/{rel}","templated":true}]}}