{"id":495947,"date":"2017-08-24T11:38:39","date_gmt":"2017-08-24T16:38:39","guid":{"rendered":"https:\/\/www.futboltotal.com.mx\/?p=495947"},"modified":"2017-08-24T11:38:39","modified_gmt":"2017-08-24T16:38:39","slug":"totti-recibe-premio-presidente-uefa-trayectoria","status":"publish","type":"post","link":"http:\/\/desarrollo.grupomedios.com\/futbol\/futbol-internacional\/totti-recibe-premio-presidente-uefa-trayectoria\/2017\/08","title":{"rendered":"Totti recibe el premio Presidente de UEFA por su trayectoria"},"content":{"rendered":"<p class=\"DETALLE_N_titulo \"><span id=\"ctl14_lblMostra\">El jugador italiano <strong>Francesco Totti<\/strong> recibi\u00f3 en Montecarlo el <strong>premio Presidente de la UEFA<\/strong> en reconocimiento a toda una carrera en el f\u00fatbol, a la que puso final el pasado junio despu\u00e9s de 24 a\u00f1os y 786 alineaciones.<\/p>\n<p><strong>Totti<\/strong> recogi\u00f3 emocionado el primer galard\u00f3n de la tarde de manos del presidente de la UEFA, el esloveno Aleksander Ceferin, quien le traslad\u00f3 todo su respecto por su carrera, antes de iniciar el sorteo de la Liga de Campeones en el Forum Grimaldi.<\/span><\/p>\n<p class=\"DETALLE_N_titulo \" style=\"text-align: center;\"><span id=\"ctl14_lblMostra\"><a href=\"https:\/\/www.futboltotal.com.mx\/2017\/08\/buffon-mejor-portero-champions-2016-2017\/\" target=\"_blank\" rel=\"noopener noreferrer\"><span style=\"color: #333399;\">VER M\u00c1S: Buffon, elegido mejor portero de la Champions 2016-2017<\/span><\/a><\/span><\/p>\n<p class=\"DETALLE_N_titulo \"><span id=\"ctl14_lblMostra\">El ex futbolista del Roma, \u00fanico club en el que ha jugado y en el que ahora desempe\u00f1a funciones de responsable deportivo, es el tercer italiano galardonado con el premio presidente de la UEFA tras <strong>Gianni Rivera<\/strong> y P<strong>aolo Maldini<\/strong>.<\/span><\/p>\n<div id=\"texto\" class=\"texto_txt\"><\/div>\n","protected":false},"excerpt":{"rendered":"<p>La UEFA reconoci\u00f3 la impecable trayectoria de &#8216;Il Capitano&#8217;.<\/p>\n","protected":false},"author":144,"featured_media":495948,"comment_status":"closed","ping_status":"closed","sticky":false,"template":"","format":"standard","meta":[],"categories":[3841,3839],"tags":[2619,9897,320],"_links":{"self":[{"href":"http:\/\/desarrollo.grupomedios.com\/futbol\/wp-json\/wp\/v2\/posts\/495947"}],"collection":[{"href":"http:\/\/desarrollo.grupomedios.com\/futbol\/wp-json\/wp\/v2\/posts"}],"about":[{"href":"http:\/\/desarrollo.grupomedios.com\/futbol\/wp-json\/wp\/v2\/types\/post"}],"author":[{"embeddable":true,"href":"http:\/\/desarrollo.grupomedios.com\/futbol\/wp-json\/wp\/v2\/users\/144"}],"replies":[{"embeddable":true,"href":"http:\/\/desarrollo.grupomedios.com\/futbol\/wp-json\/wp\/v2\/comments?post=495947"}],"version-history":[{"count":1,"href":"http:\/\/desarrollo.grupomedios.com\/futbol\/wp-json\/wp\/v2\/posts\/495947\/revisions"}],"predecessor-version":[{"id":495949,"href":"http:\/\/desarrollo.grupomedios.com\/futbol\/wp-json\/wp\/v2\/posts\/495947\/revisions\/495949"}],"wp:featuredmedia":[{"embeddable":true,"href":"http:\/\/desarrollo.grupomedios.com\/futbol\/wp-json\/wp\/v2\/media\/495948"}],"wp:attachment":[{"href":"http:\/\/desarrollo.grupomedios.com\/futbol\/wp-json\/wp\/v2\/media?parent=495947"}],"wp:term":[{"taxonomy":"category","embeddable":true,"href":"http:\/\/desarrollo.grupomedios.com\/futbol\/wp-json\/wp\/v2\/categories?post=495947"},{"taxonomy":"post_tag","embeddable":true,"href":"http:\/\/desarrollo.grupomedios.com\/futbol\/wp-json\/wp\/v2\/tags?post=495947"}],"curies":[{"name":"wp","href":"https:\/\/api.w.org\/{rel}","templated":true}]}}