{"id":495950,"date":"2017-08-24T11:44:13","date_gmt":"2017-08-24T16:44:13","guid":{"rendered":"https:\/\/www.futboltotal.com.mx\/?p=495950"},"modified":"2017-08-24T11:44:13","modified_gmt":"2017-08-24T16:44:13","slug":"sergio-ramos-mejor-defensa-ano-champions-league","status":"publish","type":"post","link":"http:\/\/desarrollo.grupomedios.com\/futbol\/futbol-internacional\/sergio-ramos-mejor-defensa-ano-champions-league\/2017\/08","title":{"rendered":"Sergio Ramos, mejor defensa del a\u00f1o en Champions League"},"content":{"rendered":"<p class=\"DETALLE_N_titulo \"><span id=\"ctl14_lblMostra\">El capit\u00e1n del <strong>Real Madrid<\/strong> y de la selecci\u00f3n espa\u00f1ola, <strong>Sergio Ramos<\/strong>, fue coronado en M\u00f3naco <strong>mejor defensa<\/strong> de la pasada temporada de la <strong>Champions League<\/strong> y asegur\u00f3 que su club &#8220;est\u00e1 en el camino id\u00f3neo para hacer historia y ganar una tercera Liga de Campeones seguida&#8221;<\/p>\n<p>&#8220;Ojal\u00e1 podamos, creo que estamos en el camino id\u00f3neo. Estamos aqu\u00ed para hacer historia y lograr metas. Tenemos un grupo \u00fanico&#8221;, dijo tras recoger el galard\u00f3n en el escenario en respuesta de si es posible una tercer Champions consecutiva.<\/span><\/p>\n<p class=\"DETALLE_N_titulo \" style=\"text-align: center;\"><span id=\"ctl14_lblMostra\"><a href=\"https:\/\/www.futboltotal.com.mx\/2017\/08\/buffon-mejor-portero-champions-2016-2017\/\" target=\"_blank\" rel=\"noopener noreferrer\"><span style=\"color: #333399;\">VER M\u00c1S: Buffon, elegido mejor portero de la Champions 2016-2017<\/span><\/a><\/span><\/p>\n<p class=\"DETALLE_N_titulo \"><span id=\"ctl14_lblMostra\">El jugador sevillano, que se impuso en la elecci\u00f3n del mejor defensa a su compa\u00f1ero <strong>Marcelo<\/strong> y al italiano <strong>Leonardo Bonucci<\/strong>, opin\u00f3 que su equipo viene de completar &#8220;un a\u00f1o muy bueno&#8221;. &#8220;Al seguir con este nivel y esta intensidad ya hemos dado un paso muy importante para seguir&#8221;.<\/span><\/p>\n<div id=\"texto\" class=\"texto_txt\"><\/div>\n","protected":false},"excerpt":{"rendered":"<p>El central espa\u00f1ol fue clave para que Real Madrid lograra el bicampeonato.<\/p>\n","protected":false},"author":144,"featured_media":495951,"comment_status":"closed","ping_status":"closed","sticky":false,"template":"","format":"standard","meta":[],"categories":[3841,3839],"tags":[9898,5988,6020],"_links":{"self":[{"href":"http:\/\/desarrollo.grupomedios.com\/futbol\/wp-json\/wp\/v2\/posts\/495950"}],"collection":[{"href":"http:\/\/desarrollo.grupomedios.com\/futbol\/wp-json\/wp\/v2\/posts"}],"about":[{"href":"http:\/\/desarrollo.grupomedios.com\/futbol\/wp-json\/wp\/v2\/types\/post"}],"author":[{"embeddable":true,"href":"http:\/\/desarrollo.grupomedios.com\/futbol\/wp-json\/wp\/v2\/users\/144"}],"replies":[{"embeddable":true,"href":"http:\/\/desarrollo.grupomedios.com\/futbol\/wp-json\/wp\/v2\/comments?post=495950"}],"version-history":[{"count":1,"href":"http:\/\/desarrollo.grupomedios.com\/futbol\/wp-json\/wp\/v2\/posts\/495950\/revisions"}],"predecessor-version":[{"id":495952,"href":"http:\/\/desarrollo.grupomedios.com\/futbol\/wp-json\/wp\/v2\/posts\/495950\/revisions\/495952"}],"wp:featuredmedia":[{"embeddable":true,"href":"http:\/\/desarrollo.grupomedios.com\/futbol\/wp-json\/wp\/v2\/media\/495951"}],"wp:attachment":[{"href":"http:\/\/desarrollo.grupomedios.com\/futbol\/wp-json\/wp\/v2\/media?parent=495950"}],"wp:term":[{"taxonomy":"category","embeddable":true,"href":"http:\/\/desarrollo.grupomedios.com\/futbol\/wp-json\/wp\/v2\/categories?post=495950"},{"taxonomy":"post_tag","embeddable":true,"href":"http:\/\/desarrollo.grupomedios.com\/futbol\/wp-json\/wp\/v2\/tags?post=495950"}],"curies":[{"name":"wp","href":"https:\/\/api.w.org\/{rel}","templated":true}]}}