{"id":495953,"date":"2017-08-24T11:51:50","date_gmt":"2017-08-24T16:51:50","guid":{"rendered":"https:\/\/www.futboltotal.com.mx\/?p=495953"},"modified":"2017-08-24T11:51:50","modified_gmt":"2017-08-24T16:51:50","slug":"luka-modric-se-impone-mejor-mediocampista-en-champions","status":"publish","type":"post","link":"http:\/\/desarrollo.grupomedios.com\/futbol\/futbol-internacional\/luka-modric-se-impone-mejor-mediocampista-en-champions\/2017\/08","title":{"rendered":"Luka Modric se impone como mejor mediocampista en Champions"},"content":{"rendered":"<p class=\"DETALLE_N_titulo \"><span id=\"ctl14_lblMostra\">El croata <strong>Luka Modric<\/strong> aventaj\u00f3 a sus compa\u00f1eros del <strong>Real Madrid<\/strong>, el brasile\u00f1o <strong>Casemiro<\/strong> y el alem\u00e1n <strong>Toni Kross<\/strong> como mejor centrocampista de la temporada pasada en la <strong>Champions League<\/strong>, dentro de los premios que la UEFA entrega esta tarde durante el sorteo de la Liga de Campeones.<\/p>\n<p>Modric fue el segundo jugador blanco que subi\u00f3 al escenario del Forum Grimaldi para recoger una de las distinciones, en este caso en la demarcaci\u00f3n de mediocentro en la que los tres finalistas eran jugadores del Real Madrid.<\/span><\/p>\n<p class=\"DETALLE_N_titulo \" style=\"text-align: center;\"><span id=\"ctl14_lblMostra\"><a href=\"https:\/\/www.futboltotal.com.mx\/2017\/08\/sergio-ramos-mejor-defensa-ano-champions-league\/\" target=\"_blank\" rel=\"noopener noreferrer\"><span style=\"color: #333399;\">VER M\u00c1S: Sergio Ramos, mejor defensa del a\u00f1o en Champions League<\/span><\/a><\/span><\/p>\n<p class=\"DETALLE_N_titulo \"><span id=\"ctl14_lblMostra\">El croata destac\u00f3 la &#8220;motivaci\u00f3n especial&#8221; del Real Madrid para encarar la consecuci\u00f3n de t\u00edtulos, que tras el duod\u00e9cimo de la Liga de Campeones el pasado junio ha celebrado tambi\u00e9n la Supercopa de Europa y la espa\u00f1ola.<\/span><\/p>\n<div id=\"texto\" class=\"texto_txt\"><\/div>\n","protected":false},"excerpt":{"rendered":"<p>El madridista super\u00f3 a sus compa\u00f1eros Casemiro y Toni Kroos.<\/p>\n","protected":false},"author":144,"featured_media":495954,"comment_status":"closed","ping_status":"closed","sticky":false,"template":"","format":"standard","meta":[],"categories":[3841,3839],"tags":[36,477,9899,5988],"_links":{"self":[{"href":"http:\/\/desarrollo.grupomedios.com\/futbol\/wp-json\/wp\/v2\/posts\/495953"}],"collection":[{"href":"http:\/\/desarrollo.grupomedios.com\/futbol\/wp-json\/wp\/v2\/posts"}],"about":[{"href":"http:\/\/desarrollo.grupomedios.com\/futbol\/wp-json\/wp\/v2\/types\/post"}],"author":[{"embeddable":true,"href":"http:\/\/desarrollo.grupomedios.com\/futbol\/wp-json\/wp\/v2\/users\/144"}],"replies":[{"embeddable":true,"href":"http:\/\/desarrollo.grupomedios.com\/futbol\/wp-json\/wp\/v2\/comments?post=495953"}],"version-history":[{"count":1,"href":"http:\/\/desarrollo.grupomedios.com\/futbol\/wp-json\/wp\/v2\/posts\/495953\/revisions"}],"predecessor-version":[{"id":495955,"href":"http:\/\/desarrollo.grupomedios.com\/futbol\/wp-json\/wp\/v2\/posts\/495953\/revisions\/495955"}],"wp:featuredmedia":[{"embeddable":true,"href":"http:\/\/desarrollo.grupomedios.com\/futbol\/wp-json\/wp\/v2\/media\/495954"}],"wp:attachment":[{"href":"http:\/\/desarrollo.grupomedios.com\/futbol\/wp-json\/wp\/v2\/media?parent=495953"}],"wp:term":[{"taxonomy":"category","embeddable":true,"href":"http:\/\/desarrollo.grupomedios.com\/futbol\/wp-json\/wp\/v2\/categories?post=495953"},{"taxonomy":"post_tag","embeddable":true,"href":"http:\/\/desarrollo.grupomedios.com\/futbol\/wp-json\/wp\/v2\/tags?post=495953"}],"curies":[{"name":"wp","href":"https:\/\/api.w.org\/{rel}","templated":true}]}}