{"id":495966,"date":"2017-08-24T12:27:23","date_gmt":"2017-08-24T17:27:23","guid":{"rendered":"https:\/\/www.futboltotal.com.mx\/?p=495966"},"modified":"2017-08-24T12:27:23","modified_gmt":"2017-08-24T17:27:23","slug":"presentan-balon-oficial-champions-league-2017-18","status":"publish","type":"post","link":"http:\/\/desarrollo.grupomedios.com\/futbol\/futbol-internacional\/presentan-balon-oficial-champions-league-2017-18\/2017\/08","title":{"rendered":"Presentan el bal\u00f3n oficial de la Champions League 2017\/18"},"content":{"rendered":"<p class=\"m_5852578902916398515MsoPlainText\">Con los mejores jugadores del mundo prepar\u00e1ndose una vez m\u00e1s para competir por el mayor premio de Europa, <strong>adidas Football<\/strong> present\u00f3 oficialmente el bal\u00f3n que se utilizar\u00e1 en la fase de grupos de la <strong>UEFA Champions League<\/strong> de este a\u00f1o.<\/p>\n<p class=\"m_5852578902916398515MsoPlainText\">El nuevo bal\u00f3n presenta paneles blancos rodeados por estrellas inspirado en el logo de la UEFA Champions League que se ha convertido en una caracter\u00edstica de los balones oficiales de <strong>adidas<\/strong> para la UCL. La versi\u00f3n <strong>2017\/18<\/strong> est\u00e1 llena de energ\u00eda gracias al dise\u00f1o azul dram\u00e1tico y tormenta en color turquesa.<\/p>\n<p class=\"m_5852578902916398515MsoPlainText\" style=\"text-align: center;\"><a href=\"https:\/\/www.futboltotal.com.mx\/2017\/08\/definidos-los-grupos-la-champions-league-2017-18\/\" target=\"_blank\" rel=\"noopener noreferrer\"><span style=\"color: #333399;\">VER M\u00c1S: \u00a1Definidos los grupos de la Champions League 2017-18!<\/span><\/a><\/p>\n<p class=\"m_5852578902916398515MsoPlainText\"><a href=\"https:\/\/www.futboltotal.com.mx\/wp-content\/uploads\/2017\/08\/Balon-Champions-2017-2018-2.jpg\"><img decoding=\"async\" loading=\"lazy\" class=\"aligncenter size-large wp-image-495969\" src=\"https:\/\/www.futboltotal.com.mx\/wp-content\/uploads\/2017\/08\/Balon-Champions-2017-2018-2-1024x576.jpg\" alt=\"Presentan el bal\u00f3n oficial de la Champions League 2017\/18 0\" srcset=\"http:\/\/desarrollo.grupomedios.com\/futbol\/wp-content\/uploads\/2017\/08\/Balon-Champions-2017-2018-2-1024x576.jpg 1024w, http:\/\/desarrollo.grupomedios.com\/futbol\/wp-content\/uploads\/2017\/08\/Balon-Champions-2017-2018-2-300x169.jpg 300w, http:\/\/desarrollo.grupomedios.com\/futbol\/wp-content\/uploads\/2017\/08\/Balon-Champions-2017-2018-2-768x432.jpg 768w, http:\/\/desarrollo.grupomedios.com\/futbol\/wp-content\/uploads\/2017\/08\/Balon-Champions-2017-2018-2-393x221.jpg 393w, http:\/\/desarrollo.grupomedios.com\/futbol\/wp-content\/uploads\/2017\/08\/Balon-Champions-2017-2018-2.jpg 1136w\" sizes=\"(max-width: 1024px) 100vw, 1024px\" \/><\/a><\/p>\n<p class=\"m_5852578902916398515MsoPlainText\">El dise\u00f1o asegura un rendimiento \u00f3ptimo para los jugadores en cualquier condici\u00f3n. Un recubrimiento de textura exterior, consistente en todos los balones oficiales de la UEFA Champions League de adidas, ofrece un agarre seguro y un control completo, mientras que los paneles termo-sellados proporcionan una superficie sin costuras para un toque de primera mejorado.<\/p>\n<p class=\"m_5852578902916398515MsoPlainText\">Los aficionados se llevar\u00e1n una sorpresa, ya que al tomar una foto con flash revelar\u00e1 un gr\u00e1fico de tormenta el\u00e9ctrica en todas las partes superiores.<\/p>\n","protected":false},"excerpt":{"rendered":"<p>El bal\u00f3n presenta paneles blancos rodeados por estrellas inspirado en el evento.<\/p>\n","protected":false},"author":20,"featured_media":495967,"comment_status":"closed","ping_status":"closed","sticky":false,"template":"","format":"standard","meta":[],"categories":[3841,3839],"tags":[8992,9605,36],"_links":{"self":[{"href":"http:\/\/desarrollo.grupomedios.com\/futbol\/wp-json\/wp\/v2\/posts\/495966"}],"collection":[{"href":"http:\/\/desarrollo.grupomedios.com\/futbol\/wp-json\/wp\/v2\/posts"}],"about":[{"href":"http:\/\/desarrollo.grupomedios.com\/futbol\/wp-json\/wp\/v2\/types\/post"}],"author":[{"embeddable":true,"href":"http:\/\/desarrollo.grupomedios.com\/futbol\/wp-json\/wp\/v2\/users\/20"}],"replies":[{"embeddable":true,"href":"http:\/\/desarrollo.grupomedios.com\/futbol\/wp-json\/wp\/v2\/comments?post=495966"}],"version-history":[{"count":2,"href":"http:\/\/desarrollo.grupomedios.com\/futbol\/wp-json\/wp\/v2\/posts\/495966\/revisions"}],"predecessor-version":[{"id":495971,"href":"http:\/\/desarrollo.grupomedios.com\/futbol\/wp-json\/wp\/v2\/posts\/495966\/revisions\/495971"}],"wp:featuredmedia":[{"embeddable":true,"href":"http:\/\/desarrollo.grupomedios.com\/futbol\/wp-json\/wp\/v2\/media\/495967"}],"wp:attachment":[{"href":"http:\/\/desarrollo.grupomedios.com\/futbol\/wp-json\/wp\/v2\/media?parent=495966"}],"wp:term":[{"taxonomy":"category","embeddable":true,"href":"http:\/\/desarrollo.grupomedios.com\/futbol\/wp-json\/wp\/v2\/categories?post=495966"},{"taxonomy":"post_tag","embeddable":true,"href":"http:\/\/desarrollo.grupomedios.com\/futbol\/wp-json\/wp\/v2\/tags?post=495966"}],"curies":[{"name":"wp","href":"https:\/\/api.w.org\/{rel}","templated":true}]}}