{"id":495977,"date":"2017-08-24T13:46:42","date_gmt":"2017-08-24T18:46:42","guid":{"rendered":"https:\/\/www.futboltotal.com.mx\/?p=495977"},"modified":"2017-08-24T13:46:42","modified_gmt":"2017-08-24T18:46:42","slug":"a-quienes-se-enfrentaran-los-mexicanos-en-champions-league","status":"publish","type":"post","link":"http:\/\/desarrollo.grupomedios.com\/futbol\/futbol-internacional\/a-quienes-se-enfrentaran-los-mexicanos-en-champions-league\/2017\/08","title":{"rendered":"\u00bfA qui\u00e9nes se enfrentar\u00e1n los mexicanos en Champions League?"},"content":{"rendered":"<p>Definidos los grupos de la <strong>Champions League 2017-2018<\/strong> se sabe ante qui\u00e9nes se enfrentar\u00e1n los mexicanos en el torneo.<\/p>\n<p><strong>GRUPO G<\/strong><\/p>\n<p>El <strong>Porto<\/strong>, con <strong>Miguel Lay\u00fan, Jesus &#8216;Tecatito&#8217; Corona y H\u00e9ctor Herrera<\/strong>, se enfrentar\u00e1n ante:<\/p>\n<p>El <strong>M\u00f3naco<\/strong>, que ha tenido una fuga de estrellas; <strong>Bernardo Silva, Bakayoko y Mendy<\/strong>, adem\u00e1s est\u00e1 a la espera de saber si su joven promesa, <strong>Kylian Mbapp\u00e9<\/strong> saldr\u00e1 de la instituci\u00f3n, pero tienen en su m\u00e1ximo referente a <strong>Radamel Falcao<\/strong>.<\/p>\n<p>Su siguiente sinodal ser\u00e1 el <strong>Beskitas<\/strong> de Turqu\u00eda que contrataron a dos &#8216;fierros&#8217; en <strong>Pepe y Gary Medel<\/strong>, adem\u00e1s de tener a su m\u00e1ximo referente en ataque, el portugu\u00e9s<strong> Ricardo Quaresma<\/strong>.<\/p>\n<p>Su \u00faltimo rival ser\u00e1 un debutante, el <strong>Leipzig<\/strong> de Alemania, que tiene un equipo muy joven, solo un futbolista pasa de los 30 a\u00f1os y tiene en su m\u00e1xima figura a <strong>Timo Werner<\/strong>, quien recientemente gan\u00f3 la Copa Confederaciones.<\/p>\n<p style=\"text-align: center;\"><span style=\"color: #333399;\"><a style=\"color: #333399;\" href=\"https:\/\/www.futboltotal.com.mx\/2017\/08\/barcelona-ya-tendria-acuerdo-dembele\/\" target=\"_blank\" rel=\"noopener noreferrer\">VER M\u00c1S: Barcelona ya tendr\u00eda acuerdo con Demb\u00e9l\u00e9<\/a><\/span><\/p>\n<p><strong>GRUPO A<\/strong><\/p>\n<p>Por otro lado <strong>Ra\u00fal Jim\u00e9nez<\/strong> y el <strong>Benfica<\/strong> se enfrentar\u00e1n a los siguientes equipos:<\/p>\n<p><strong>Manchester United<\/strong> sin duda ser\u00e1 su rival m\u00e1s dif\u00edcil, nombres como los de <strong>Paul Pogba, Romelu Lukaku,\u00a0Henrij Mjitari\u00e1n<\/strong>, entre otros ser\u00e1n a los que deba enfrentarse el club portugu\u00e9s.<\/p>\n<p>El <strong>Basel<\/strong> podr\u00eda resultar un equipo c\u00f3modo, pues no es uno de los grandes estelares de la competici\u00f3n; su m\u00e1xima figura est\u00e1 en el veterano argentino <strong>Mat\u00edas Delgado<\/strong> a su m\u00e1xima figura y capit\u00e1n. Otro nombre a seguir ser\u00eda el del delantero de Costa de Marfil, <strong>Seydou Doumbia<\/strong>.<\/p>\n<p>Por \u00faltimo el <strong>CSKA de Mosc\u00fa<\/strong>, que tiene un equipo que es en gran parte base de la Selecci\u00f3n de Rusia, nombres que ya han tenido experiencia internacional suenan en el conjunto ruso,<strong> Igor Akinfeev, Alan Dzagoev y Alexandr Golov\u00edn<\/strong> son los futbolistas a seguir.<\/p>\n<p><strong>GRUPO C<\/strong><\/p>\n<p>Por \u00faltimo, <strong>H\u00e9ctor Moreno<\/strong> tendr\u00e1 una ruta m\u00e1s dif\u00edcil junto al <strong>AS Roma<\/strong>:<\/p>\n<p><strong>Chelsea<\/strong>, con un equipo renovado y<strong> Antonio Conte<\/strong> buscando la gloria continental no ser\u00e1 un rival f\u00e1cil, <strong>Eden Hazard, \u00c1lvaro Morata, William y Kant\u00e9<\/strong>, ser\u00e1n algunas de las figuras que tendr\u00e1 que frenar el defensa mexicano.<\/p>\n<p><strong>Atl\u00e9tico de Madrid<\/strong> es el segundo en turno y con el <strong>Cholo Simeone<\/strong> buscar\u00e1n por fin alzarse con el t\u00edtulo continental. Sus nombres a seguir son <strong>Antoine Griezmann, Fernando Torres y Kevin Gameiro<\/strong> son los atacantes a los que ver\u00e1 en la cancha.<\/p>\n<p>Al final, el<strong> Qarabag<\/strong>, un equipo de<strong> Azerbay\u00e1n<\/strong> poco conocido pero que se gan\u00f3 su clasificaci\u00f3n a pulso. Pocos jugadores se destacan, el conjunto es la fortaleza, pero sin duda <strong>Dino Ndlovu<\/strong>, delantero sudafricano, es el jugador a seguir.<\/p>\n<p style=\"text-align: center;\"><span style=\"color: #333399;\"><a style=\"color: #333399;\" href=\"https:\/\/www.futboltotal.com.mx\/2017\/08\/definidos-los-grupos-la-champions-league-2017-18\/\" target=\"_blank\" rel=\"noopener noreferrer\">VER M\u00c1S: Definidos los Grupos de Champions League 2017-2018<\/a><\/span><\/p>\n<p>&nbsp;<\/p>\n","protected":false},"excerpt":{"rendered":"<p>Cinco mexicanos disputar\u00e1n el torneo<\/p>\n","protected":false},"author":20,"featured_media":495998,"comment_status":"closed","ping_status":"closed","sticky":false,"template":"","format":"standard","meta":[],"categories":[3839],"tags":[6060,5995,5987,1035,1208,742,320,6045],"_links":{"self":[{"href":"http:\/\/desarrollo.grupomedios.com\/futbol\/wp-json\/wp\/v2\/posts\/495977"}],"collection":[{"href":"http:\/\/desarrollo.grupomedios.com\/futbol\/wp-json\/wp\/v2\/posts"}],"about":[{"href":"http:\/\/desarrollo.grupomedios.com\/futbol\/wp-json\/wp\/v2\/types\/post"}],"author":[{"embeddable":true,"href":"http:\/\/desarrollo.grupomedios.com\/futbol\/wp-json\/wp\/v2\/users\/20"}],"replies":[{"embeddable":true,"href":"http:\/\/desarrollo.grupomedios.com\/futbol\/wp-json\/wp\/v2\/comments?post=495977"}],"version-history":[{"count":1,"href":"http:\/\/desarrollo.grupomedios.com\/futbol\/wp-json\/wp\/v2\/posts\/495977\/revisions"}],"predecessor-version":[{"id":495999,"href":"http:\/\/desarrollo.grupomedios.com\/futbol\/wp-json\/wp\/v2\/posts\/495977\/revisions\/495999"}],"wp:featuredmedia":[{"embeddable":true,"href":"http:\/\/desarrollo.grupomedios.com\/futbol\/wp-json\/wp\/v2\/media\/495998"}],"wp:attachment":[{"href":"http:\/\/desarrollo.grupomedios.com\/futbol\/wp-json\/wp\/v2\/media?parent=495977"}],"wp:term":[{"taxonomy":"category","embeddable":true,"href":"http:\/\/desarrollo.grupomedios.com\/futbol\/wp-json\/wp\/v2\/categories?post=495977"},{"taxonomy":"post_tag","embeddable":true,"href":"http:\/\/desarrollo.grupomedios.com\/futbol\/wp-json\/wp\/v2\/tags?post=495977"}],"curies":[{"name":"wp","href":"https:\/\/api.w.org\/{rel}","templated":true}]}}