{"id":496000,"date":"2017-08-24T14:03:06","date_gmt":"2017-08-24T19:03:06","guid":{"rendered":"https:\/\/www.futboltotal.com.mx\/?p=496000"},"modified":"2017-08-24T14:14:02","modified_gmt":"2017-08-24T19:14:02","slug":"lobos-buap-lanza-campana-para-recaudar-fondos-para-el-club","status":"publish","type":"post","link":"http:\/\/desarrollo.grupomedios.com\/futbol\/futbol-mexicano\/lobos-buap-lanza-campana-para-recaudar-fondos-para-el-club\/2017\/08","title":{"rendered":"Lobos BUAP lanza campa\u00f1a para recaudar fondos para el club"},"content":{"rendered":"<p><strong>Lobos BUAP<\/strong> lanz\u00f3 la campa\u00f1a <strong>#LoboAportaci\u00f3n<\/strong>, en la que pretenden recaudar fondos para solventar los gastos del club en la <strong>Liga MX<\/strong>, dicha iniciativa fue lanzada por el patronato del cuadro <em>Lic\u00e1ntropo<\/em>, integrado por <strong>Rafael Ca\u00f1edo, Eduardo Henaine<\/strong> y <strong>Jos\u00e9 Hanan.<\/strong><\/p>\n<blockquote><p>&#8220;Requerimos de muchos recursos los cuales crecen mucho de Ascenso a Primera Divisi\u00f3n. Tenemos patrocinios que nos ayudan mucho, pero requerimos de mucha ayuda. Buscamos la solidaridad de todos, empezando por la comunidad universitaria&#8221;.<\/p><\/blockquote>\n<p style=\"text-align: center;\"><a href=\"https:\/\/www.futboltotal.com.mx\/2017\/08\/a-quienes-se-enfrentaran-los-mexicanos-en-champions-league\/\" target=\"_blank\" rel=\"noopener noreferrer\"><span style=\"color: #333399;\">VER M\u00c1S:\u00a0\u00bfA qui\u00e9nes se enfrentar\u00e1n los mexicanos en Champions League?<\/span><\/a><\/p>\n<blockquote class=\"twitter-tweet\" data-lang=\"es\">\n<p dir=\"ltr\" lang=\"es\">\u00a1S\u00famate a la <a href=\"https:\/\/twitter.com\/hashtag\/LoboAportaci%C3%B3n?src=hash\">#LoboAportaci\u00f3n<\/a>!<br \/>\nApoya en las alcanc\u00edas ubicadas en <a href=\"https:\/\/twitter.com\/Farma_Fleming\">@Farma_Fleming<\/a>, Librer\u00edas Universitarias o a la cuenta HSBC 4060721859 <a href=\"https:\/\/t.co\/O2iK1tV4bS\">pic.twitter.com\/O2iK1tV4bS<\/a><\/p>\n<p>\u2014 Lobos Buap Oficial (@LobosBuapMX) <a href=\"https:\/\/twitter.com\/LobosBuapMX\/status\/900787740983349249\">24 de agosto de 2017<\/a><\/p><\/blockquote>\n<p><script async src=\"\/\/platform.twitter.com\/widgets.js\" charset=\"utf-8\"><\/script><\/p>\n<p style=\"text-align: center;\"><a href=\"https:\/\/www.futboltotal.com.mx\/2017\/08\/veracruz-pierde-gallese-fractura-en-dedo\/\" target=\"_blank\" rel=\"noopener noreferrer\"><span style=\"color: #333399;\">VER M\u00c1S:\u00a0Veracruz pierde dos meses a Gallese por fractura en el dedo<\/span><\/a><\/p>\n<p>La dirigencia del conjunto poblano admiti\u00f3 que al no contar con una televisora que transmita sus encuentros de local ha complicado solventar diversos gastos, mismos que se\u00f1al\u00f3 se triplicaron tras el ascenso al m\u00e1ximo circuito.<\/p>\n<p>&nbsp;<\/p>\n<blockquote class=\"twitter-tweet\" data-lang=\"es\">\n<p dir=\"ltr\" lang=\"es\">\u00a1S\u00famate a la <a href=\"https:\/\/twitter.com\/hashtag\/LoboAportaci%C3%B3n?src=hash\">#LoboAportaci\u00f3n<\/a> y apoya a Lobos BUAP! <a href=\"https:\/\/t.co\/hRVRNBKFFv\">pic.twitter.com\/hRVRNBKFFv<\/a><\/p>\n<p>\u2014 Lobos Buap Oficial (@LobosBuapMX) <a href=\"https:\/\/twitter.com\/LobosBuapMX\/status\/900786056324427776\">24 de agosto de 2017<\/a><\/p><\/blockquote>\n<p><script async src=\"\/\/platform.twitter.com\/widgets.js\" charset=\"utf-8\"><\/script><\/p>\n<p>Adem\u00e1s de las donaciones en efectivo en las alcanc\u00edas que present\u00f3 el club, incluye eventos, entrada a las pr\u00e1cticas del equipo y convivencias con jugadores, festival de cine de futbol, subasta de art\u00edculos de los futbolistas de la manada y un torneo de <strong>FIFA 18<\/strong>, donde aparecer\u00e1 <strong>Lobos BUAP<\/strong> por primera vez.<\/p>\n<p>Por \u00faltimo, el rector de la <strong>BUAP, Alfonso Esparza<\/strong>, descart\u00f3 que la casa de estudios vaya a donar dinero para que el club pueda solventar sus gastos.<\/p>\n<p>&nbsp;<\/p>\n<blockquote class=\"twitter-tweet\" data-lang=\"es\">\n<p dir=\"ltr\" lang=\"es\">Apoya a Lobos BUAP y s\u00famate a la <a href=\"https:\/\/twitter.com\/hashtag\/LoboAportaci%C3%B3n?src=hash\">#LoboAportaci\u00f3n<\/a> <a href=\"https:\/\/t.co\/3AQFV2fIsZ\">https:\/\/t.co\/3AQFV2fIsZ<\/a><\/p>\n<p>\u2014 Lobos Buap Oficial (@LobosBuapMX) <a href=\"https:\/\/twitter.com\/LobosBuapMX\/status\/900738999714578432\">24 de agosto de 2017<\/a><\/p><\/blockquote>\n<p><script async src=\"\/\/platform.twitter.com\/widgets.js\" charset=\"utf-8\"><\/script><\/p>\n","protected":false},"excerpt":{"rendered":"<p>Lobos BUAP pide ayuda para poder mantenerse en el m\u00e1ximo circuito<\/p>\n","protected":false},"author":20,"featured_media":492534,"comment_status":"closed","ping_status":"closed","sticky":false,"template":"","format":"standard","meta":[],"categories":[2198,3845],"tags":[64,431],"_links":{"self":[{"href":"http:\/\/desarrollo.grupomedios.com\/futbol\/wp-json\/wp\/v2\/posts\/496000"}],"collection":[{"href":"http:\/\/desarrollo.grupomedios.com\/futbol\/wp-json\/wp\/v2\/posts"}],"about":[{"href":"http:\/\/desarrollo.grupomedios.com\/futbol\/wp-json\/wp\/v2\/types\/post"}],"author":[{"embeddable":true,"href":"http:\/\/desarrollo.grupomedios.com\/futbol\/wp-json\/wp\/v2\/users\/20"}],"replies":[{"embeddable":true,"href":"http:\/\/desarrollo.grupomedios.com\/futbol\/wp-json\/wp\/v2\/comments?post=496000"}],"version-history":[{"count":1,"href":"http:\/\/desarrollo.grupomedios.com\/futbol\/wp-json\/wp\/v2\/posts\/496000\/revisions"}],"predecessor-version":[{"id":496003,"href":"http:\/\/desarrollo.grupomedios.com\/futbol\/wp-json\/wp\/v2\/posts\/496000\/revisions\/496003"}],"wp:featuredmedia":[{"embeddable":true,"href":"http:\/\/desarrollo.grupomedios.com\/futbol\/wp-json\/wp\/v2\/media\/492534"}],"wp:attachment":[{"href":"http:\/\/desarrollo.grupomedios.com\/futbol\/wp-json\/wp\/v2\/media?parent=496000"}],"wp:term":[{"taxonomy":"category","embeddable":true,"href":"http:\/\/desarrollo.grupomedios.com\/futbol\/wp-json\/wp\/v2\/categories?post=496000"},{"taxonomy":"post_tag","embeddable":true,"href":"http:\/\/desarrollo.grupomedios.com\/futbol\/wp-json\/wp\/v2\/tags?post=496000"}],"curies":[{"name":"wp","href":"https:\/\/api.w.org\/{rel}","templated":true}]}}