{"id":496001,"date":"2017-08-24T14:10:56","date_gmt":"2017-08-24T19:10:56","guid":{"rendered":"https:\/\/www.futboltotal.com.mx\/?p=496001"},"modified":"2017-08-24T14:11:38","modified_gmt":"2017-08-24T19:11:38","slug":"psv-prepara-despedida-andres-guardado-hector-moreno","status":"publish","type":"post","link":"http:\/\/desarrollo.grupomedios.com\/futbol\/futbol-internacional\/psv-prepara-despedida-andres-guardado-hector-moreno\/2017\/08","title":{"rendered":"PSV prepara despedida para Andr\u00e9s Guardado y H\u00e9ctor Moreno"},"content":{"rendered":"<p><strong>PSV Eindhoven<\/strong> realizar\u00e1 una despedida para los mexicanos\u00a0<strong>Andr\u00e9s Guardado<\/strong> y <strong>H\u00e9ctor Moreno<\/strong> durante su partido ante el\u00a0<strong>Roda JC Kerkrade<\/strong>.<\/p>\n<p>Mediante redes sociales indicaron que junto a los dos aztecas, tambi\u00e9n despedir\u00e1n a\u00a0Jetro Willems, pues este verano se desprendieron de los tres futbolistas, que en su etapa &#8220;representaron cinco campeonatos nacionales,\u00a0una Copa KNVB y seis Johan Cruyff Escalas PSV en su tiempo&#8221;, destaca el conjunto holand\u00e9s en su p\u00e1gina web.<\/p>\n<blockquote class=\"twitter-tweet\" data-lang=\"es\">\n<p dir=\"ltr\" lang=\"es\">H\u00e9ctor Moreno, Andr\u00e9s Guardado y Jetro Willems recibir\u00e1n un homenaje por parte del PSV Eindhoven, en el juego contra el Roda JC Kerkrade. <a href=\"https:\/\/t.co\/yjsBimxXYO\">pic.twitter.com\/yjsBimxXYO<\/a><\/p>\n<p>\u2014 PSV International (@psveindhoven) <a href=\"https:\/\/twitter.com\/psveindhoven\/status\/900715783348793349\">24 de agosto de 2017<\/a><\/p><\/blockquote>\n<p><script async src=\"\/\/platform.twitter.com\/widgets.js\" charset=\"utf-8\"><\/script><\/p>\n<p style=\"text-align: center;\"><span style=\"color: #333399;\"><a style=\"color: #333399;\" href=\"https:\/\/www.futboltotal.com.mx\/2017\/08\/a-quienes-se-enfrentaran-los-mexicanos-en-champions-league\/\" target=\"_blank\" rel=\"noopener noreferrer\">VER M\u00c1S: \u00bfA qui\u00e9nes enfrentar\u00e1n los mexicanos en Champions League?<\/a><\/span><\/p>\n<p>H\u00e9ctor Moreno se march\u00f3 al futbol italiano con el\u00a0<strong>AS Roma,<\/strong>\u00a0<strong>Andr\u00e9s Guardado<\/strong>\u00a0regres\u00f3 a Espa\u00f1a con el\u00a0<strong>Real Betis<\/strong>, y <strong>Jetro Willems<\/strong> fich\u00f3 con el\u00a0<strong>Eintracht Frankfurt.<\/strong><\/p>\n<p>Por su parte, Los Granjeros llevaron a su equipo al mediocampista mexicano, <strong>Hirving &#8216;Chucky&#8217; Lozano<\/strong>, que ya suma dos goles con el club.<\/p>\n<p style=\"text-align: center;\"><span style=\"color: #333399;\"><a style=\"color: #333399;\" href=\"https:\/\/www.futboltotal.com.mx\/2017\/08\/barcelona-ya-tendria-acuerdo-dembele\/\">VER M\u00c1S: Barcelona ya tendr\u00eda acuerdo por Demb\u00e9l\u00e9<\/a><\/span><\/p>\n","protected":false},"excerpt":{"rendered":"<p>Los mexicanos recibir\u00e1n una despedida en Holanda<\/p>\n","protected":false},"author":20,"featured_media":496004,"comment_status":"closed","ping_status":"closed","sticky":false,"template":"","format":"standard","meta":[],"categories":[3839],"tags":[6046,5987,3224],"_links":{"self":[{"href":"http:\/\/desarrollo.grupomedios.com\/futbol\/wp-json\/wp\/v2\/posts\/496001"}],"collection":[{"href":"http:\/\/desarrollo.grupomedios.com\/futbol\/wp-json\/wp\/v2\/posts"}],"about":[{"href":"http:\/\/desarrollo.grupomedios.com\/futbol\/wp-json\/wp\/v2\/types\/post"}],"author":[{"embeddable":true,"href":"http:\/\/desarrollo.grupomedios.com\/futbol\/wp-json\/wp\/v2\/users\/20"}],"replies":[{"embeddable":true,"href":"http:\/\/desarrollo.grupomedios.com\/futbol\/wp-json\/wp\/v2\/comments?post=496001"}],"version-history":[{"count":2,"href":"http:\/\/desarrollo.grupomedios.com\/futbol\/wp-json\/wp\/v2\/posts\/496001\/revisions"}],"predecessor-version":[{"id":496008,"href":"http:\/\/desarrollo.grupomedios.com\/futbol\/wp-json\/wp\/v2\/posts\/496001\/revisions\/496008"}],"wp:featuredmedia":[{"embeddable":true,"href":"http:\/\/desarrollo.grupomedios.com\/futbol\/wp-json\/wp\/v2\/media\/496004"}],"wp:attachment":[{"href":"http:\/\/desarrollo.grupomedios.com\/futbol\/wp-json\/wp\/v2\/media?parent=496001"}],"wp:term":[{"taxonomy":"category","embeddable":true,"href":"http:\/\/desarrollo.grupomedios.com\/futbol\/wp-json\/wp\/v2\/categories?post=496001"},{"taxonomy":"post_tag","embeddable":true,"href":"http:\/\/desarrollo.grupomedios.com\/futbol\/wp-json\/wp\/v2\/tags?post=496001"}],"curies":[{"name":"wp","href":"https:\/\/api.w.org\/{rel}","templated":true}]}}