{"id":496015,"date":"2017-08-24T14:28:32","date_gmt":"2017-08-24T19:28:32","guid":{"rendered":"https:\/\/www.futboltotal.com.mx\/?p=496015"},"modified":"2017-08-24T14:28:32","modified_gmt":"2017-08-24T19:28:32","slug":"presencia-jimenez-impediria-llegada-gabigol-benfica","status":"publish","type":"post","link":"http:\/\/desarrollo.grupomedios.com\/futbol\/futbol-internacional\/presencia-jimenez-impediria-llegada-gabigol-benfica\/2017\/08","title":{"rendered":"Presencia de Jim\u00e9nez impedir\u00eda llegada de &#8216;Gabigol&#8217; al Benfica"},"content":{"rendered":"<p><strong>Benfica<\/strong> tendr\u00eda pensado incorporar a sus filas a <strong>Gabriel Barbosa<\/strong>, mejor conocido como &#8216;Gabigol&#8217;; sin embargo, tendr\u00eda un serio problema para hacerlo, ya que primero tendr\u00eda que definir la situaci\u00f3n de <strong>Ra\u00fal Jim\u00e9nez<\/strong>\u00a0y determinar si se queda o abandona el club, ya que cuentan con muchos elementos de ataque, as\u00ed lo dio a conocer R\u00e9cord de Portugal.<\/p>\n<p style=\"text-align: center;\"><a href=\"https:\/\/www.futboltotal.com.mx\/2017\/08\/reshmin-chowdhury-la-bella-presentadora-del-sorteo-la-champions\/\" target=\"_blank\" rel=\"noopener noreferrer\"><span style=\"color: #333399;\">VER M\u00c1S:\u00a0Reshmin Chowdhury, la bella presentadora del sorteo de la Champions<\/span><\/a><\/p>\n<p>Cabe recordar que el mercado de fichajes permanecer\u00e1 abierto hasta el pr\u00f3ximo 01 de septiembre, por lo las <em>\u00c1guilas Lusitanas<\/em> a\u00fan tendr\u00edan tiempo para encontrarle acomodo al mexicano para fichar a &#8216;Gabigol&#8217;, o dejar su plantilla tal y como est\u00e1.<\/p>\n<p><strong>Ra\u00fal Jim\u00e9nez<\/strong> ha estado en la \u00f3rbita de clubes como <strong>Liverpool, Everton, West Ham<\/strong> y <strong>Manchester United<\/strong> de la <strong>Premier League.<\/strong><\/p>\n<p style=\"text-align: center;\"><a href=\"https:\/\/www.futboltotal.com.mx\/2017\/08\/psv-prepara-despedida-andres-guardado-hector-moreno\/\" target=\"_blank\" rel=\"noopener noreferrer\"><span style=\"color: #333399;\">VER M\u00c1S:\u00a0PSV prepara despedida para Andr\u00e9s Guardado y H\u00e9ctor Moreno<\/span><\/a><\/p>\n<p>Por su parte, A Bola dio a conocer que en efecto\u00a0<strong>Barbosa<\/strong> est\u00e1 en los planes del club para cubrir la salida de alguno de sus atacantes, lo que hace pensar que el mexicano posiblemente saldr\u00eda de la instituci\u00f3n.<\/p>\n","protected":false},"excerpt":{"rendered":"<p>El futuro de Ra\u00fal Jim\u00e9nez est\u00e1 en el aire ante el inter\u00e9s del Benfica por &#8216;Gabigol&#8217;<\/p>\n","protected":false},"author":20,"featured_media":451626,"comment_status":"closed","ping_status":"closed","sticky":false,"template":"","format":"standard","meta":[],"categories":[3839,6718],"tags":[6060,7370,742],"_links":{"self":[{"href":"http:\/\/desarrollo.grupomedios.com\/futbol\/wp-json\/wp\/v2\/posts\/496015"}],"collection":[{"href":"http:\/\/desarrollo.grupomedios.com\/futbol\/wp-json\/wp\/v2\/posts"}],"about":[{"href":"http:\/\/desarrollo.grupomedios.com\/futbol\/wp-json\/wp\/v2\/types\/post"}],"author":[{"embeddable":true,"href":"http:\/\/desarrollo.grupomedios.com\/futbol\/wp-json\/wp\/v2\/users\/20"}],"replies":[{"embeddable":true,"href":"http:\/\/desarrollo.grupomedios.com\/futbol\/wp-json\/wp\/v2\/comments?post=496015"}],"version-history":[{"count":1,"href":"http:\/\/desarrollo.grupomedios.com\/futbol\/wp-json\/wp\/v2\/posts\/496015\/revisions"}],"predecessor-version":[{"id":496021,"href":"http:\/\/desarrollo.grupomedios.com\/futbol\/wp-json\/wp\/v2\/posts\/496015\/revisions\/496021"}],"wp:featuredmedia":[{"embeddable":true,"href":"http:\/\/desarrollo.grupomedios.com\/futbol\/wp-json\/wp\/v2\/media\/451626"}],"wp:attachment":[{"href":"http:\/\/desarrollo.grupomedios.com\/futbol\/wp-json\/wp\/v2\/media?parent=496015"}],"wp:term":[{"taxonomy":"category","embeddable":true,"href":"http:\/\/desarrollo.grupomedios.com\/futbol\/wp-json\/wp\/v2\/categories?post=496015"},{"taxonomy":"post_tag","embeddable":true,"href":"http:\/\/desarrollo.grupomedios.com\/futbol\/wp-json\/wp\/v2\/tags?post=496015"}],"curies":[{"name":"wp","href":"https:\/\/api.w.org\/{rel}","templated":true}]}}