{"id":496027,"date":"2017-08-24T16:56:45","date_gmt":"2017-08-24T21:56:45","guid":{"rendered":"https:\/\/www.futboltotal.com.mx\/?p=496027"},"modified":"2017-08-24T16:58:01","modified_gmt":"2017-08-24T21:58:01","slug":"keisuke-honda-convocado-por-seleccion-japon","status":"publish","type":"post","link":"http:\/\/desarrollo.grupomedios.com\/futbol\/futbol-mexicano\/keisuke-honda-convocado-por-seleccion-japon\/2017\/08","title":{"rendered":"Keisuke Honda fue convocado por la Selecci\u00f3n de Jap\u00f3n"},"content":{"rendered":"<p>La <strong>Liga MX<\/strong> es un torneo referente para las convocatorias de jugadores con sus respectivas selecciones y esta no ser\u00e1 la excepci\u00f3n, ya que muchos jugadores que militan en la liga mexicana se concentrar\u00e1n con sus respectivos combinados nacionales para encarar las pr\u00f3ximas fechas <strong>FIFA<\/strong>.<\/p>\n<p style=\"text-align: center;\"><a href=\"https:\/\/www.futboltotal.com.mx\/2017\/08\/demi-lovato-cantara-himno-en-pelea-mayweather-vs-mcgregor\/\" target=\"_blank\" rel=\"noopener noreferrer\"><span style=\"color: #333399;\">VER M\u00c1S:\u00a0Demi Lovato cantar\u00e1 el himno en pelea Mayweather vs Mcgregor<\/span><\/a><\/p>\n<p><strong>Keisuke Honda<\/strong>, flamante refuerzo de <strong>Pachuca<\/strong> para el presente <strong>Apertura 2017<\/strong> fue llamado por su selecci\u00f3n para la doble fecha <strong>FIFA<\/strong> de septiembre, luego de que el t\u00e9cnico de la escuadra nipona, <strong>Vahid Halihodzic<\/strong>, convocara al futbolista para los encuentros ante <strong>Australia<\/strong> y <strong>Arabia Saudita<\/strong> del pr\u00f3ximo 31 de agosto y 5 de septiembre respectivamente.<\/p>\n<p style=\"text-align: center;\"><span style=\"color: #333399;\"><a style=\"color: #333399;\" href=\"https:\/\/www.futboltotal.com.mx\/2017\/08\/ponen-en-playera-del-guadalajara-espana-las-coordenadas-del-estadio-chivas\/\" target=\"_blank\" rel=\"noopener noreferrer\">VER M\u00c1S:\u00a0\u00a1Tremenda pifia! Ponen en playera del Guadalajara de Espa\u00f1a las coordenadas del estadio de Chivas<\/a><\/span><\/p>\n<p>Cabe destacar que <strong>Honda<\/strong> reci\u00e9n sali\u00f3 de una lesi\u00f3n y vio acci\u00f3n en la <strong>Jornada 6<\/strong> del A<strong>pertura 2017<\/strong>, donde adem\u00e1s marc\u00f3 el cuarto de los tres goles de los <em>Tuzos.<\/em><\/p>\n","protected":false},"excerpt":{"rendered":"<p>Tras debutar en la Liga MX con gol, Keisuke Honda fue convocado por Jap\u00f3n<\/p>\n","protected":false},"author":20,"featured_media":495706,"comment_status":"closed","ping_status":"closed","sticky":false,"template":"","format":"standard","meta":[],"categories":[3839,2198,3845],"tags":[6092,5968,9907,73],"_links":{"self":[{"href":"http:\/\/desarrollo.grupomedios.com\/futbol\/wp-json\/wp\/v2\/posts\/496027"}],"collection":[{"href":"http:\/\/desarrollo.grupomedios.com\/futbol\/wp-json\/wp\/v2\/posts"}],"about":[{"href":"http:\/\/desarrollo.grupomedios.com\/futbol\/wp-json\/wp\/v2\/types\/post"}],"author":[{"embeddable":true,"href":"http:\/\/desarrollo.grupomedios.com\/futbol\/wp-json\/wp\/v2\/users\/20"}],"replies":[{"embeddable":true,"href":"http:\/\/desarrollo.grupomedios.com\/futbol\/wp-json\/wp\/v2\/comments?post=496027"}],"version-history":[{"count":1,"href":"http:\/\/desarrollo.grupomedios.com\/futbol\/wp-json\/wp\/v2\/posts\/496027\/revisions"}],"predecessor-version":[{"id":496035,"href":"http:\/\/desarrollo.grupomedios.com\/futbol\/wp-json\/wp\/v2\/posts\/496027\/revisions\/496035"}],"wp:featuredmedia":[{"embeddable":true,"href":"http:\/\/desarrollo.grupomedios.com\/futbol\/wp-json\/wp\/v2\/media\/495706"}],"wp:attachment":[{"href":"http:\/\/desarrollo.grupomedios.com\/futbol\/wp-json\/wp\/v2\/media?parent=496027"}],"wp:term":[{"taxonomy":"category","embeddable":true,"href":"http:\/\/desarrollo.grupomedios.com\/futbol\/wp-json\/wp\/v2\/categories?post=496027"},{"taxonomy":"post_tag","embeddable":true,"href":"http:\/\/desarrollo.grupomedios.com\/futbol\/wp-json\/wp\/v2\/tags?post=496027"}],"curies":[{"name":"wp","href":"https:\/\/api.w.org\/{rel}","templated":true}]}}