{"id":496033,"date":"2017-08-24T17:02:48","date_gmt":"2017-08-24T22:02:48","guid":{"rendered":"https:\/\/www.futboltotal.com.mx\/?p=496033"},"modified":"2017-08-24T17:40:08","modified_gmt":"2017-08-24T22:40:08","slug":"torrado-llegara-en-noviembre-a-la-seleccion-mexicana","status":"publish","type":"post","link":"http:\/\/desarrollo.grupomedios.com\/futbol\/destacado-home\/torrado-llegara-en-noviembre-a-la-seleccion-mexicana\/2017\/08","title":{"rendered":"Torrado llegar\u00e1 en noviembre a la Selecci\u00f3n Mexicana"},"content":{"rendered":"<p><strong>Gerardo Torrado<\/strong> ser\u00e1 el nuevo <strong>Director Deportivo del Tricolor<\/strong> a partir del mes de diciembre cuando termine su contrato con el Indy Eleven, equipo de la Segunda Divisi\u00f3n de Estados Unidos.<\/p>\n<p>El &#8216;Borrego&#8217; ser\u00e1 parte del equipo que formar\u00e1 parte con Dennis te Kloese, quien hoy ser\u00e1 presentado como nuevo Director de Selecciones Nacionales, dio a conocer el peri\u00f3dico <em>Record<\/em>.<\/p>\n<p style=\"text-align: center;\"><span style=\"color: #333399;\"><a style=\"color: #333399;\" href=\"https:\/\/www.futboltotal.com.mx\/2017\/08\/layun-seria-opcion-suplir-martin-espanyol\/\">VER M\u00c1S: <span class=\"item-title\">Lay\u00fan ser\u00eda opci\u00f3n para suplir a Mart\u00edn en el Espanyol<\/span><\/a><\/span><\/p>\n<p>Torrado jug\u00f3 146 partidos con el Tri, fue campe\u00f3n con M\u00e9xico de la Copa Confederaciones 1999 y dos veces campe\u00f3n de la Copa Oro (2009 y 2011).<\/p>\n<p>&nbsp;<\/p>\n","protected":false},"excerpt":{"rendered":"<p>El &#8216;Borrego&#8217; ser\u00e1 parte del equipo de Dennis te Kloese<\/p>\n","protected":false},"author":20,"featured_media":496039,"comment_status":"closed","ping_status":"closed","sticky":false,"template":"","format":"standard","meta":[],"categories":[5,2198,3845],"tags":[379,409],"_links":{"self":[{"href":"http:\/\/desarrollo.grupomedios.com\/futbol\/wp-json\/wp\/v2\/posts\/496033"}],"collection":[{"href":"http:\/\/desarrollo.grupomedios.com\/futbol\/wp-json\/wp\/v2\/posts"}],"about":[{"href":"http:\/\/desarrollo.grupomedios.com\/futbol\/wp-json\/wp\/v2\/types\/post"}],"author":[{"embeddable":true,"href":"http:\/\/desarrollo.grupomedios.com\/futbol\/wp-json\/wp\/v2\/users\/20"}],"replies":[{"embeddable":true,"href":"http:\/\/desarrollo.grupomedios.com\/futbol\/wp-json\/wp\/v2\/comments?post=496033"}],"version-history":[{"count":2,"href":"http:\/\/desarrollo.grupomedios.com\/futbol\/wp-json\/wp\/v2\/posts\/496033\/revisions"}],"predecessor-version":[{"id":496058,"href":"http:\/\/desarrollo.grupomedios.com\/futbol\/wp-json\/wp\/v2\/posts\/496033\/revisions\/496058"}],"wp:featuredmedia":[{"embeddable":true,"href":"http:\/\/desarrollo.grupomedios.com\/futbol\/wp-json\/wp\/v2\/media\/496039"}],"wp:attachment":[{"href":"http:\/\/desarrollo.grupomedios.com\/futbol\/wp-json\/wp\/v2\/media?parent=496033"}],"wp:term":[{"taxonomy":"category","embeddable":true,"href":"http:\/\/desarrollo.grupomedios.com\/futbol\/wp-json\/wp\/v2\/categories?post=496033"},{"taxonomy":"post_tag","embeddable":true,"href":"http:\/\/desarrollo.grupomedios.com\/futbol\/wp-json\/wp\/v2\/tags?post=496033"}],"curies":[{"name":"wp","href":"https:\/\/api.w.org\/{rel}","templated":true}]}}