{"id":496045,"date":"2017-08-24T17:40:19","date_gmt":"2017-08-24T22:40:19","guid":{"rendered":"https:\/\/www.futboltotal.com.mx\/?p=496045"},"modified":"2017-08-24T17:41:35","modified_gmt":"2017-08-24T22:41:35","slug":"lieke-marten-mejor-jugadora-europa","status":"publish","type":"post","link":"http:\/\/desarrollo.grupomedios.com\/futbol\/futbol-internacional\/lieke-marten-mejor-jugadora-europa\/2017\/08","title":{"rendered":"Lieke Martens, la mejor jugadora de Europa"},"content":{"rendered":"<p>La mediocampista holandesa <strong>Lake Martens<\/strong>, fue elegida por la<strong> UEFA<\/strong> como <strong>La Mejor Jugadora de Europa<\/strong> en la temporada 2016-2017, durante el sorteo de la <strong>Fase de Grupos<\/strong> de la <strong>UEFA Champions League.<\/strong><\/p>\n<p style=\"text-align: center;\"><a href=\"https:\/\/www.futboltotal.com.mx\/2017\/08\/roberto-carlos-niega-deber-pension-a-sus-hijos\/\" target=\"_blank\" rel=\"noopener noreferrer\"><span style=\"color: #333399;\">VER M\u00c1S:\u00a0Roberto Carlos niega deber pensi\u00f3n a sus hijos<\/span><\/a><\/p>\n<p>Al recibir el trofeo<strong> The Best<\/strong>, la centrocampista de 24 a\u00f1os dijo estar muy emocionada por el galard\u00f3n y declar\u00f3 que el martes de la pr\u00f3xima semanas se integrar\u00e1 al<strong> FC Barcelona<\/strong>, equipo al que llega como flamante refuerzo.<\/p>\n<p style=\"text-align: center;\"><a href=\"https:\/\/www.futboltotal.com.mx\/2017\/08\/keisuke-honda-convocado-por-seleccion-japon\/\" target=\"_blank\" rel=\"noopener noreferrer\"><span style=\"color: #333399;\">VER M\u00c1S:\u00a0Keisuke Honda fue convocado por la Selecci\u00f3n de Jap\u00f3n<\/span><\/a><\/p>\n<p>Cabe destacar que la exjugadora del <strong>Rosengard<\/strong> de <strong>Suecia<\/strong>, fue elegida tambi\u00e9n como la mejor jugadora de la reciente edici\u00f3n de la <strong>Eurocopa<\/strong>, en donde <strong>Holanda<\/strong> se consagr\u00f3 campeona.<\/p>\n<p><a href=\"https:\/\/www.futboltotal.com.mx\/wp-content\/uploads\/2017\/08\/ella3_1.jpg\"><img decoding=\"async\" loading=\"lazy\" class=\"alignnone size-full wp-image-496053\" src=\"https:\/\/www.futboltotal.com.mx\/wp-content\/uploads\/2017\/08\/ella3_1.jpg\" alt=\"Lieke Martens, la mejor jugadora de Europa 0\" srcset=\"http:\/\/desarrollo.grupomedios.com\/futbol\/wp-content\/uploads\/2017\/08\/ella3_1.jpg 988w, http:\/\/desarrollo.grupomedios.com\/futbol\/wp-content\/uploads\/2017\/08\/ella3_1-300x169.jpg 300w, http:\/\/desarrollo.grupomedios.com\/futbol\/wp-content\/uploads\/2017\/08\/ella3_1-768x432.jpg 768w, http:\/\/desarrollo.grupomedios.com\/futbol\/wp-content\/uploads\/2017\/08\/ella3_1-393x221.jpg 393w\" sizes=\"(max-width: 988px) 100vw, 988px\" \/><\/a><\/p>\n","protected":false},"excerpt":{"rendered":"<p>Lieke Martens se unir\u00e1 el pr\u00f3ximo martes al FC Barcelona <\/p>\n","protected":false},"author":20,"featured_media":496057,"comment_status":"closed","ping_status":"closed","sticky":false,"template":"","format":"standard","meta":[],"categories":[3839],"tags":[9911,7588,192],"_links":{"self":[{"href":"http:\/\/desarrollo.grupomedios.com\/futbol\/wp-json\/wp\/v2\/posts\/496045"}],"collection":[{"href":"http:\/\/desarrollo.grupomedios.com\/futbol\/wp-json\/wp\/v2\/posts"}],"about":[{"href":"http:\/\/desarrollo.grupomedios.com\/futbol\/wp-json\/wp\/v2\/types\/post"}],"author":[{"embeddable":true,"href":"http:\/\/desarrollo.grupomedios.com\/futbol\/wp-json\/wp\/v2\/users\/20"}],"replies":[{"embeddable":true,"href":"http:\/\/desarrollo.grupomedios.com\/futbol\/wp-json\/wp\/v2\/comments?post=496045"}],"version-history":[{"count":2,"href":"http:\/\/desarrollo.grupomedios.com\/futbol\/wp-json\/wp\/v2\/posts\/496045\/revisions"}],"predecessor-version":[{"id":496060,"href":"http:\/\/desarrollo.grupomedios.com\/futbol\/wp-json\/wp\/v2\/posts\/496045\/revisions\/496060"}],"wp:featuredmedia":[{"embeddable":true,"href":"http:\/\/desarrollo.grupomedios.com\/futbol\/wp-json\/wp\/v2\/media\/496057"}],"wp:attachment":[{"href":"http:\/\/desarrollo.grupomedios.com\/futbol\/wp-json\/wp\/v2\/media?parent=496045"}],"wp:term":[{"taxonomy":"category","embeddable":true,"href":"http:\/\/desarrollo.grupomedios.com\/futbol\/wp-json\/wp\/v2\/categories?post=496045"},{"taxonomy":"post_tag","embeddable":true,"href":"http:\/\/desarrollo.grupomedios.com\/futbol\/wp-json\/wp\/v2\/tags?post=496045"}],"curies":[{"name":"wp","href":"https:\/\/api.w.org\/{rel}","templated":true}]}}