{"id":496049,"date":"2017-08-24T17:32:48","date_gmt":"2017-08-24T22:32:48","guid":{"rendered":"https:\/\/www.futboltotal.com.mx\/?p=496049"},"modified":"2017-08-24T17:32:48","modified_gmt":"2017-08-24T22:32:48","slug":"torrado-buscara-mejorar-panorama-mexico-a-traves-del-futbol","status":"publish","type":"post","link":"http:\/\/desarrollo.grupomedios.com\/futbol\/futbol-mexicano\/torrado-buscara-mejorar-panorama-mexico-a-traves-del-futbol\/2017\/08","title":{"rendered":"Torrado buscar\u00e1 mejorar panorama de M\u00e9xico a trav\u00e9s del futbol"},"content":{"rendered":"<p><strong>Gerardo Torrado<\/strong> ser\u00e1 el <strong>Director Deportivo<\/strong> de Selecciones Nacionales\u00a0en cuanto termine su contrato con el\u00a0<strong>Indy Eleven de la North<\/strong> American Soccer League.<\/p>\n<p>A trav\u00e9s de sus redes sociales, aprovech\u00f3 para enviar un mensaje a su familia y amigos, adem\u00e1s de mostrar su amor por la camiseta del Tricolor.<\/p>\n<p style=\"text-align: center;\"><span style=\"color: #333399;\"><a style=\"color: #333399;\" href=\"https:\/\/www.futboltotal.com.mx\/2017\/08\/chivas-tigres-europeos-la-base-del-tri-eliminatorias\/\" target=\"_blank\" rel=\"noopener noreferrer\">VER M\u00c1S: La lista de convocados para el Tri vs Panam\u00e1 y Costa Rica<\/a><\/span><\/p>\n<p><strong>Expres\u00f3 que ve como una obligaci\u00f3n, buscar un mejor panorama para sus hijos y, en su perspectiva, &#8220;los jugadores e involucrados en el futbol tenemos la oportunidad de marcar diferencia en el desarrollo de M\u00e9xico&#8221;<\/strong>, por lo que buscar\u00e1 este cambio a trav\u00e9s del balompi\u00e9 nacional.<\/p>\n<p><a href=\"https:\/\/www.futboltotal.com.mx\/wp-content\/uploads\/2017\/08\/torrado-carta.jpg\"><img decoding=\"async\" loading=\"lazy\" class=\"size-full wp-image-496052 aligncenter\" src=\"https:\/\/www.futboltotal.com.mx\/wp-content\/uploads\/2017\/08\/torrado-carta.jpg\" alt=\"Torrado buscar\u00e1 mejorar panorama de M\u00e9xico a trav\u00e9s del futbol 0\" srcset=\"http:\/\/desarrollo.grupomedios.com\/futbol\/wp-content\/uploads\/2017\/08\/torrado-carta.jpg 612w, http:\/\/desarrollo.grupomedios.com\/futbol\/wp-content\/uploads\/2017\/08\/torrado-carta-232x300.jpg 232w\" sizes=\"(max-width: 612px) 100vw, 612px\" \/><\/a><\/p>\n<p style=\"text-align: center;\"><span style=\"color: #333399;\"><a style=\"color: #333399;\" href=\"https:\/\/www.futboltotal.com.mx\/2017\/08\/layun-seria-opcion-suplir-martin-espanyol\/\" target=\"_blank\" rel=\"noopener noreferrer\">VER M\u00c1S: Miguel Lay\u00fan est\u00e1 en la \u00f3rbita del Espanyol<\/a><\/span><\/p>\n","protected":false},"excerpt":{"rendered":"<p>El &#8216;Borrego&#8217; tomar\u00e1 un nuevo compromiso con el Tri<\/p>\n","protected":false},"author":20,"featured_media":493038,"comment_status":"closed","ping_status":"closed","sticky":false,"template":"","format":"standard","meta":[],"categories":[2198,3847],"tags":[379,65,409],"_links":{"self":[{"href":"http:\/\/desarrollo.grupomedios.com\/futbol\/wp-json\/wp\/v2\/posts\/496049"}],"collection":[{"href":"http:\/\/desarrollo.grupomedios.com\/futbol\/wp-json\/wp\/v2\/posts"}],"about":[{"href":"http:\/\/desarrollo.grupomedios.com\/futbol\/wp-json\/wp\/v2\/types\/post"}],"author":[{"embeddable":true,"href":"http:\/\/desarrollo.grupomedios.com\/futbol\/wp-json\/wp\/v2\/users\/20"}],"replies":[{"embeddable":true,"href":"http:\/\/desarrollo.grupomedios.com\/futbol\/wp-json\/wp\/v2\/comments?post=496049"}],"version-history":[{"count":2,"href":"http:\/\/desarrollo.grupomedios.com\/futbol\/wp-json\/wp\/v2\/posts\/496049\/revisions"}],"predecessor-version":[{"id":496056,"href":"http:\/\/desarrollo.grupomedios.com\/futbol\/wp-json\/wp\/v2\/posts\/496049\/revisions\/496056"}],"wp:featuredmedia":[{"embeddable":true,"href":"http:\/\/desarrollo.grupomedios.com\/futbol\/wp-json\/wp\/v2\/media\/493038"}],"wp:attachment":[{"href":"http:\/\/desarrollo.grupomedios.com\/futbol\/wp-json\/wp\/v2\/media?parent=496049"}],"wp:term":[{"taxonomy":"category","embeddable":true,"href":"http:\/\/desarrollo.grupomedios.com\/futbol\/wp-json\/wp\/v2\/categories?post=496049"},{"taxonomy":"post_tag","embeddable":true,"href":"http:\/\/desarrollo.grupomedios.com\/futbol\/wp-json\/wp\/v2\/tags?post=496049"}],"curies":[{"name":"wp","href":"https:\/\/api.w.org\/{rel}","templated":true}]}}