{"id":496054,"date":"2017-08-24T17:20:21","date_gmt":"2017-08-24T22:20:21","guid":{"rendered":"https:\/\/www.futboltotal.com.mx\/?p=496054"},"modified":"2017-08-24T18:34:01","modified_gmt":"2017-08-24T23:34:01","slug":"oribe-peralta-fuera-de-la-convocatoria-del-tri","status":"publish","type":"post","link":"http:\/\/desarrollo.grupomedios.com\/futbol\/destacado-home\/oribe-peralta-fuera-de-la-convocatoria-del-tri\/2017\/08","title":{"rendered":"Oribe Peralta, fuera de la convocatoria del Tri"},"content":{"rendered":"<p>El delantero de las \u00c1guilas del Am\u00e9rica, <strong>Oribe Peralta<\/strong>, no fue convocado para jugar los partidos contra Panam\u00e1 y Costa Rica.<\/p>\n<p>\u00bfPor qu\u00e9? Juan Carlos Osorio dio a conocer la situaci\u00f3n que vive el ariete azulcrema para no ser tomado en cuenta en estos juegos.<\/p>\n<p>&#8220;Oribe estaba tomado en cuenta en la lista inicial, pero una lesi\u00f3n que lo aqueja no permiti\u00f3 que pudiera estar con nosotros&#8221;, sentenci\u00f3 el t\u00e9cnico del Tricolor.<\/p>\n<p style=\"text-align: center;\"><span style=\"color: #333399;\"><a style=\"color: #333399;\" href=\"https:\/\/www.futboltotal.com.mx\/2017\/08\/chivas-tigres-europeos-la-base-del-tri-eliminatorias\/\">VER M\u00c1S: <span class=\"item-title\">Chivas, Tigres y \u2018europeos\u2019, la base del Tri para eliminatorias<\/span><\/a><\/span><\/p>\n","protected":false},"excerpt":{"rendered":"<p>Una hora antes de dar la lista, el jugador del Am\u00e9rica estaba totalmente contemplado<\/p>\n","protected":false},"author":20,"featured_media":496061,"comment_status":"closed","ping_status":"closed","sticky":false,"template":"","format":"standard","meta":[],"categories":[5,2198,3845],"tags":[62],"_links":{"self":[{"href":"http:\/\/desarrollo.grupomedios.com\/futbol\/wp-json\/wp\/v2\/posts\/496054"}],"collection":[{"href":"http:\/\/desarrollo.grupomedios.com\/futbol\/wp-json\/wp\/v2\/posts"}],"about":[{"href":"http:\/\/desarrollo.grupomedios.com\/futbol\/wp-json\/wp\/v2\/types\/post"}],"author":[{"embeddable":true,"href":"http:\/\/desarrollo.grupomedios.com\/futbol\/wp-json\/wp\/v2\/users\/20"}],"replies":[{"embeddable":true,"href":"http:\/\/desarrollo.grupomedios.com\/futbol\/wp-json\/wp\/v2\/comments?post=496054"}],"version-history":[{"count":1,"href":"http:\/\/desarrollo.grupomedios.com\/futbol\/wp-json\/wp\/v2\/posts\/496054\/revisions"}],"predecessor-version":[{"id":496062,"href":"http:\/\/desarrollo.grupomedios.com\/futbol\/wp-json\/wp\/v2\/posts\/496054\/revisions\/496062"}],"wp:featuredmedia":[{"embeddable":true,"href":"http:\/\/desarrollo.grupomedios.com\/futbol\/wp-json\/wp\/v2\/media\/496061"}],"wp:attachment":[{"href":"http:\/\/desarrollo.grupomedios.com\/futbol\/wp-json\/wp\/v2\/media?parent=496054"}],"wp:term":[{"taxonomy":"category","embeddable":true,"href":"http:\/\/desarrollo.grupomedios.com\/futbol\/wp-json\/wp\/v2\/categories?post=496054"},{"taxonomy":"post_tag","embeddable":true,"href":"http:\/\/desarrollo.grupomedios.com\/futbol\/wp-json\/wp\/v2\/tags?post=496054"}],"curies":[{"name":"wp","href":"https:\/\/api.w.org\/{rel}","templated":true}]}}