{"id":496068,"date":"2017-08-24T18:32:30","date_gmt":"2017-08-24T23:32:30","guid":{"rendered":"https:\/\/www.futboltotal.com.mx\/?p=496068"},"modified":"2017-08-24T18:36:56","modified_gmt":"2017-08-24T23:36:56","slug":"le-haran-falta-al-tri-osorio","status":"publish","type":"post","link":"http:\/\/desarrollo.grupomedios.com\/futbol\/futbol-mexicano\/le-haran-falta-al-tri-osorio\/2017\/08","title":{"rendered":"\u00bfLe har\u00e1n falta al Tri de Osorio?"},"content":{"rendered":"<p>Seis futbolistas no estar\u00e1n con <strong>M\u00e9xico<\/strong> durante los juegos contra Panam\u00e1 y Costa Rica.<\/p>\n<p>Un portero, tres defensas, un mediocampista y un medio. Todas las l\u00edneas del Tricolor tienen una baja, y eso podr\u00eda afectar al colombiano <strong>Juan Carlos Osorio.<\/strong><\/p>\n<p><script type=\"text\/javascript\" src=\"\/\/cdn.playbuzz.com\/widget\/feed.js\"><\/script><\/p>\n<div class=\"pb_feed\" data-embed-by=\"d43f3879-83ed-40bc-99d7-fde80605466f\" data-item=\"ff49a75c-3349-4223-8f10-6304e94612a5\" data-version=\"2\"><\/div>\n","protected":false},"excerpt":{"rendered":"<p>Seis jugadores considerados de forma recurrente no podr\u00e1n estar con M\u00e9xico<\/p>\n","protected":false},"author":20,"featured_media":496075,"comment_status":"closed","ping_status":"closed","sticky":false,"template":"","format":"standard","meta":[],"categories":[2198,3847],"tags":[1617,5531,131,1035,62,4358],"_links":{"self":[{"href":"http:\/\/desarrollo.grupomedios.com\/futbol\/wp-json\/wp\/v2\/posts\/496068"}],"collection":[{"href":"http:\/\/desarrollo.grupomedios.com\/futbol\/wp-json\/wp\/v2\/posts"}],"about":[{"href":"http:\/\/desarrollo.grupomedios.com\/futbol\/wp-json\/wp\/v2\/types\/post"}],"author":[{"embeddable":true,"href":"http:\/\/desarrollo.grupomedios.com\/futbol\/wp-json\/wp\/v2\/users\/20"}],"replies":[{"embeddable":true,"href":"http:\/\/desarrollo.grupomedios.com\/futbol\/wp-json\/wp\/v2\/comments?post=496068"}],"version-history":[{"count":1,"href":"http:\/\/desarrollo.grupomedios.com\/futbol\/wp-json\/wp\/v2\/posts\/496068\/revisions"}],"predecessor-version":[{"id":496076,"href":"http:\/\/desarrollo.grupomedios.com\/futbol\/wp-json\/wp\/v2\/posts\/496068\/revisions\/496076"}],"wp:featuredmedia":[{"embeddable":true,"href":"http:\/\/desarrollo.grupomedios.com\/futbol\/wp-json\/wp\/v2\/media\/496075"}],"wp:attachment":[{"href":"http:\/\/desarrollo.grupomedios.com\/futbol\/wp-json\/wp\/v2\/media?parent=496068"}],"wp:term":[{"taxonomy":"category","embeddable":true,"href":"http:\/\/desarrollo.grupomedios.com\/futbol\/wp-json\/wp\/v2\/categories?post=496068"},{"taxonomy":"post_tag","embeddable":true,"href":"http:\/\/desarrollo.grupomedios.com\/futbol\/wp-json\/wp\/v2\/tags?post=496068"}],"curies":[{"name":"wp","href":"https:\/\/api.w.org\/{rel}","templated":true}]}}